{"id":5068,"date":"2024-05-25T17:42:35","date_gmt":"2024-05-25T15:42:35","guid":{"rendered":"https:\/\/agora.xtec.cat\/ceipmarianao\/?p=5068"},"modified":"2024-05-25T17:42:35","modified_gmt":"2024-05-25T15:42:35","slug":"ultim-dia-colonies","status":"publish","type":"post","link":"https:\/\/agora.xtec.cat\/ceipmarianao\/general\/ultim-dia-colonies\/","title":{"rendered":"\u00daLTIM DIA COL\u00d2NIES"},"content":{"rendered":"<p style=\"text-align: justify;\">Ahir, despr\u00e9s de l&#8217;experi\u00e8ncia de la s\u00faper <em>disco<\/em> de la nit anterior, va ser l&#8217;\u00faltim dia de col\u00f2nies dels i de les nostres <em>peques<\/em> i no tan <em>peques<\/em> d&#8217;I5, 2n, 4t i 6\u00e8. Els infants d&#8217;I5 van gaudir de l&#8217;activitat dels <em>petits indis<\/em> i de la gimcana de pedals, els nens i nenes de 2n i de 6\u00e8 van fer circuit de ponts i tirolina i els nois i noies de 4t van fer una gimcana boja i escalada.<\/p>\n<p style=\"text-align: justify;\">De ben segur que, com nosaltres, mai no oblidaran aquesta experi\u00e8ncia esgotadora, per\u00f2 \u00fanica i inigualable! Hem gaudit de valent coneixent-nos les 24 hores del dia. Orgullosos i orgulloses de ser <em>Marianets <\/em>i<em> Marianetes<\/em>! Ara toca descansar i recarregar forces per a acabar el curs&#8230;<\/p>\n<p style=\"text-align: center;\"><iframe loading=\"lazy\" src=\"\/\/www.youtube.com\/embed\/CVYXSaJ5pts\" width=\"560\" height=\"314\" allowfullscreen=\"allowfullscreen\"><\/iframe><\/p>\n<p style=\"text-align: center;\"><iframe loading=\"lazy\" src=\"\/\/www.youtube.com\/embed\/iJPV3435BVQ\" width=\"560\" height=\"314\" allowfullscreen=\"allowfullscreen\"><\/iframe><\/p>\n<p style=\"text-align: center;\"><iframe loading=\"lazy\" src=\"\/\/www.youtube.com\/embed\/ohb-LlalHOg\" width=\"560\" height=\"314\" allowfullscreen=\"allowfullscreen\"><\/iframe><\/p>\n<p style=\"text-align: center;\"><iframe loading=\"lazy\" src=\"\/\/www.youtube.com\/embed\/kMkiFxCaY7M\" width=\"560\" height=\"314\" allowfullscreen=\"allowfullscreen\"><\/iframe><\/p>\n<p style=\"text-align: center;\"><iframe loading=\"lazy\" src=\"\/\/www.youtube.com\/embed\/uuEkebqxcv4\" width=\"560\" height=\"314\" allowfullscreen=\"allowfullscreen\"><\/iframe><\/p>\n<p>&nbsp;<\/p>\n","protected":false},"excerpt":{"rendered":"<p>Ahir, despr\u00e9s de l&#8217;experi\u00e8ncia de la s\u00faper disco de la nit anterior, va ser l&#8217;\u00faltim dia de col\u00f2nies dels i de les nostres peques i no tan peques d&#8217;I5, 2n, 4t i 6\u00e8. Els infants d&#8217;I5 van gaudir de l&#8217;activitat dels petits indis i de&hellip;  <a href=\"https:\/\/agora.xtec.cat\/ceipmarianao\/general\/ultim-dia-colonies\/\" title=\"Read \u00daLTIM DIA COL\u00d2NIES\">Llegeix m\u00e9s\u00bb<\/a><\/p>\n","protected":false},"author":3,"featured_media":5069,"comment_status":"closed","ping_status":"closed","sticky":false,"template":"","format":"standard","meta":{"_bbp_topic_count":0,"_bbp_reply_count":0,"_bbp_total_topic_count":0,"_bbp_total_reply_count":0,"_bbp_voice_count":0,"_bbp_anonymous_reply_count":0,"_bbp_topic_count_hidden":0,"_bbp_reply_count_hidden":0,"_bbp_forum_subforum_count":0,"footnotes":""},"categories":[1,28,4],"tags":[],"class_list":["post-5068","post","type-post","status-publish","format-standard","has-post-thumbnail","hentry","category-general","category-noticies-portada","category-portada"],"post_mailing_queue_ids":[],"_links":{"self":[{"href":"https:\/\/agora.xtec.cat\/ceipmarianao\/wp-json\/wp\/v2\/posts\/5068","targetHints":{"allow":["GET"]}}],"collection":[{"href":"https:\/\/agora.xtec.cat\/ceipmarianao\/wp-json\/wp\/v2\/posts"}],"about":[{"href":"https:\/\/agora.xtec.cat\/ceipmarianao\/wp-json\/wp\/v2\/types\/post"}],"author":[{"embeddable":true,"href":"https:\/\/agora.xtec.cat\/ceipmarianao\/wp-json\/wp\/v2\/users\/3"}],"replies":[{"embeddable":true,"href":"https:\/\/agora.xtec.cat\/ceipmarianao\/wp-json\/wp\/v2\/comments?post=5068"}],"version-history":[{"count":1,"href":"https:\/\/agora.xtec.cat\/ceipmarianao\/wp-json\/wp\/v2\/posts\/5068\/revisions"}],"predecessor-version":[{"id":5070,"href":"https:\/\/agora.xtec.cat\/ceipmarianao\/wp-json\/wp\/v2\/posts\/5068\/revisions\/5070"}],"wp:featuredmedia":[{"embeddable":true,"href":"https:\/\/agora.xtec.cat\/ceipmarianao\/wp-json\/wp\/v2\/media\/5069"}],"wp:attachment":[{"href":"https:\/\/agora.xtec.cat\/ceipmarianao\/wp-json\/wp\/v2\/media?parent=5068"}],"wp:term":[{"taxonomy":"category","embeddable":true,"href":"https:\/\/agora.xtec.cat\/ceipmarianao\/wp-json\/wp\/v2\/categories?post=5068"},{"taxonomy":"post_tag","embeddable":true,"href":"https:\/\/agora.xtec.cat\/ceipmarianao\/wp-json\/wp\/v2\/tags?post=5068"}],"curies":[{"name":"wp","href":"https:\/\/api.w.org\/{rel}","templated":true}]}}