{"id":5043,"date":"2024-05-10T20:34:23","date_gmt":"2024-05-10T18:34:23","guid":{"rendered":"https:\/\/agora.xtec.cat\/ceipmarianao\/?p=5043"},"modified":"2024-05-10T20:35:08","modified_gmt":"2024-05-10T18:35:08","slug":"xxxvii-jocs-florals","status":"publish","type":"post","link":"https:\/\/agora.xtec.cat\/ceipmarianao\/general\/xxxvii-jocs-florals\/","title":{"rendered":"XXXVII JOCS FLORALS"},"content":{"rendered":"<p style=\"text-align: justify;\">El dijous 9 de maig, a la tarda, va tenir lloc l&#8217;Acte de Barri dels Jocs Florals. Volem felicitar a tots i totes les participants, ja que ho van fer genial i van fer unes produccions maqu\u00edssimes. A m\u00e9s a m\u00e9s, alguns d&#8217;ells i d&#8217;elles van guanyar el primer premi, la Flor Natural, i tindran l&#8217;oportunitat de participar a l&#8217;Acte Final, el divendres 31 de maig a la tarda, conjuntament amb altres nens i nenes de la resta d&#8217;escoles de Sant Boi. Enhorabona!<\/p>\n<p style=\"text-align: center;\"><a href=\"https:\/\/agora.xtec.cat\/ceipmarianao\/wp-content\/uploads\/usu17\/2024\/05\/Collage.jpg\"><img loading=\"lazy\" decoding=\"async\" class=\"aligncenter wp-image-5044\" src=\"https:\/\/agora.xtec.cat\/ceipmarianao\/wp-content\/uploads\/usu17\/2024\/05\/Collage-300x240.jpg\" alt=\"\" width=\"400\" height=\"320\" srcset=\"https:\/\/agora.xtec.cat\/ceipmarianao\/wp-content\/uploads\/usu17\/2024\/05\/Collage-300x240.jpg 300w, https:\/\/agora.xtec.cat\/ceipmarianao\/wp-content\/uploads\/usu17\/2024\/05\/Collage-1024x819.jpg 1024w, https:\/\/agora.xtec.cat\/ceipmarianao\/wp-content\/uploads\/usu17\/2024\/05\/Collage-768x614.jpg 768w, https:\/\/agora.xtec.cat\/ceipmarianao\/wp-content\/uploads\/usu17\/2024\/05\/Collage-1536x1229.jpg 1536w, https:\/\/agora.xtec.cat\/ceipmarianao\/wp-content\/uploads\/usu17\/2024\/05\/Collage.jpg 2000w\" sizes=\"auto, (max-width: 400px) 100vw, 400px\" \/><\/a><\/p>\n","protected":false},"excerpt":{"rendered":"<p>El dijous 9 de maig, a la tarda, va tenir lloc l&#8217;Acte de Barri dels Jocs Florals. Volem felicitar a tots i totes les participants, ja que ho van fer genial i van fer unes produccions maqu\u00edssimes. A m\u00e9s a m\u00e9s, alguns d&#8217;ells i d&#8217;elles&hellip;  <a href=\"https:\/\/agora.xtec.cat\/ceipmarianao\/general\/xxxvii-jocs-florals\/\" title=\"Read XXXVII JOCS FLORALS\">Llegeix m\u00e9s\u00bb<\/a><\/p>\n","protected":false},"author":3,"featured_media":0,"comment_status":"closed","ping_status":"closed","sticky":false,"template":"","format":"standard","meta":{"_bbp_topic_count":0,"_bbp_reply_count":0,"_bbp_total_topic_count":0,"_bbp_total_reply_count":0,"_bbp_voice_count":0,"_bbp_anonymous_reply_count":0,"_bbp_topic_count_hidden":0,"_bbp_reply_count_hidden":0,"_bbp_forum_subforum_count":0,"footnotes":""},"categories":[1,28,4],"tags":[],"class_list":["post-5043","post","type-post","status-publish","format-standard","hentry","category-general","category-noticies-portada","category-portada"],"post_mailing_queue_ids":[],"_links":{"self":[{"href":"https:\/\/agora.xtec.cat\/ceipmarianao\/wp-json\/wp\/v2\/posts\/5043","targetHints":{"allow":["GET"]}}],"collection":[{"href":"https:\/\/agora.xtec.cat\/ceipmarianao\/wp-json\/wp\/v2\/posts"}],"about":[{"href":"https:\/\/agora.xtec.cat\/ceipmarianao\/wp-json\/wp\/v2\/types\/post"}],"author":[{"embeddable":true,"href":"https:\/\/agora.xtec.cat\/ceipmarianao\/wp-json\/wp\/v2\/users\/3"}],"replies":[{"embeddable":true,"href":"https:\/\/agora.xtec.cat\/ceipmarianao\/wp-json\/wp\/v2\/comments?post=5043"}],"version-history":[{"count":2,"href":"https:\/\/agora.xtec.cat\/ceipmarianao\/wp-json\/wp\/v2\/posts\/5043\/revisions"}],"predecessor-version":[{"id":5046,"href":"https:\/\/agora.xtec.cat\/ceipmarianao\/wp-json\/wp\/v2\/posts\/5043\/revisions\/5046"}],"wp:attachment":[{"href":"https:\/\/agora.xtec.cat\/ceipmarianao\/wp-json\/wp\/v2\/media?parent=5043"}],"wp:term":[{"taxonomy":"category","embeddable":true,"href":"https:\/\/agora.xtec.cat\/ceipmarianao\/wp-json\/wp\/v2\/categories?post=5043"},{"taxonomy":"post_tag","embeddable":true,"href":"https:\/\/agora.xtec.cat\/ceipmarianao\/wp-json\/wp\/v2\/tags?post=5043"}],"curies":[{"name":"wp","href":"https:\/\/api.w.org\/{rel}","templated":true}]}}