{"id":5018,"date":"2024-03-08T16:53:36","date_gmt":"2024-03-08T15:53:36","guid":{"rendered":"https:\/\/agora.xtec.cat\/ceipmarianao\/?p=5018"},"modified":"2024-03-08T17:05:57","modified_gmt":"2024-03-08T16:05:57","slug":"dia-internacional-de-les-dones-8m","status":"publish","type":"post","link":"https:\/\/agora.xtec.cat\/ceipmarianao\/general\/dia-internacional-de-les-dones-8m\/","title":{"rendered":"DIA INTERNACIONAL DE LES DONES &#8211; 8M"},"content":{"rendered":"<p style=\"text-align: justify;\">El 8 de mar\u00e7 \u00e9s la jornada de commemoraci\u00f3 del Dia Internacional de les Dones. Des de l\u2019escola creiem en la necessitat de treballar la coeducaci\u00f3 i la perspectiva de g\u00e8nere com a mirada integrada en el Projecte Educatiu de Centre. Aquest curs hem aprofitat aquesta diada per a reflexionar i visibilitzar les diferents opressions a les quals estan sotmeses les nenes i les dones, vehiculades a trav\u00e9s dels estereotips, els mandats de g\u00e8nere i els diferents tipus de viol\u00e8ncies, i les hem representades mitjan\u00e7ant la creaci\u00f3 d\u2018un mur, que despr\u00e9s hem destru\u00eft, on cada grup-classe ha elaborat un ma\u00f3 que ha visibilitzat alguna idea relacionada amb les opressions (estereotips, pressi\u00f3 est\u00e8tica, m\u00f3n laboral, viol\u00e8ncies,&#8230;). We can do it!<\/p>\n<p style=\"text-align: center;\"><iframe loading=\"lazy\" src=\"\/\/www.youtube.com\/embed\/mbS2BSoQ_f0\" width=\"560\" height=\"314\" allowfullscreen=\"allowfullscreen\"><\/iframe><\/p>\n","protected":false},"excerpt":{"rendered":"<p>El 8 de mar\u00e7 \u00e9s la jornada de commemoraci\u00f3 del Dia Internacional de les Dones. Des de l\u2019escola creiem en la necessitat de treballar la coeducaci\u00f3 i la perspectiva de g\u00e8nere com a mirada integrada en el Projecte Educatiu de Centre. Aquest curs hem aprofitat&hellip;  <a href=\"https:\/\/agora.xtec.cat\/ceipmarianao\/general\/dia-internacional-de-les-dones-8m\/\" title=\"Read DIA INTERNACIONAL DE LES DONES &#8211; 8M\">Llegeix m\u00e9s\u00bb<\/a><\/p>\n","protected":false},"author":3,"featured_media":5019,"comment_status":"closed","ping_status":"closed","sticky":false,"template":"","format":"standard","meta":{"_bbp_topic_count":0,"_bbp_reply_count":0,"_bbp_total_topic_count":0,"_bbp_total_reply_count":0,"_bbp_voice_count":0,"_bbp_anonymous_reply_count":0,"_bbp_topic_count_hidden":0,"_bbp_reply_count_hidden":0,"_bbp_forum_subforum_count":0,"footnotes":""},"categories":[1,28,4],"tags":[],"class_list":["post-5018","post","type-post","status-publish","format-standard","has-post-thumbnail","hentry","category-general","category-noticies-portada","category-portada"],"post_mailing_queue_ids":[],"_links":{"self":[{"href":"https:\/\/agora.xtec.cat\/ceipmarianao\/wp-json\/wp\/v2\/posts\/5018","targetHints":{"allow":["GET"]}}],"collection":[{"href":"https:\/\/agora.xtec.cat\/ceipmarianao\/wp-json\/wp\/v2\/posts"}],"about":[{"href":"https:\/\/agora.xtec.cat\/ceipmarianao\/wp-json\/wp\/v2\/types\/post"}],"author":[{"embeddable":true,"href":"https:\/\/agora.xtec.cat\/ceipmarianao\/wp-json\/wp\/v2\/users\/3"}],"replies":[{"embeddable":true,"href":"https:\/\/agora.xtec.cat\/ceipmarianao\/wp-json\/wp\/v2\/comments?post=5018"}],"version-history":[{"count":2,"href":"https:\/\/agora.xtec.cat\/ceipmarianao\/wp-json\/wp\/v2\/posts\/5018\/revisions"}],"predecessor-version":[{"id":5021,"href":"https:\/\/agora.xtec.cat\/ceipmarianao\/wp-json\/wp\/v2\/posts\/5018\/revisions\/5021"}],"wp:featuredmedia":[{"embeddable":true,"href":"https:\/\/agora.xtec.cat\/ceipmarianao\/wp-json\/wp\/v2\/media\/5019"}],"wp:attachment":[{"href":"https:\/\/agora.xtec.cat\/ceipmarianao\/wp-json\/wp\/v2\/media?parent=5018"}],"wp:term":[{"taxonomy":"category","embeddable":true,"href":"https:\/\/agora.xtec.cat\/ceipmarianao\/wp-json\/wp\/v2\/categories?post=5018"},{"taxonomy":"post_tag","embeddable":true,"href":"https:\/\/agora.xtec.cat\/ceipmarianao\/wp-json\/wp\/v2\/tags?post=5018"}],"curies":[{"name":"wp","href":"https:\/\/api.w.org\/{rel}","templated":true}]}}