{"id":4989,"date":"2024-02-02T10:27:09","date_gmt":"2024-02-02T09:27:09","guid":{"rendered":"https:\/\/agora.xtec.cat\/ceipmarianao\/?p=4989"},"modified":"2025-02-24T16:31:22","modified_gmt":"2025-02-24T15:31:22","slug":"carnaval-i-disfresses-escola-2024","status":"publish","type":"post","link":"https:\/\/agora.xtec.cat\/ceipmarianao\/general\/carnaval-i-disfresses-escola-2024\/","title":{"rendered":"CARNAVAL I DISFRESSES ESCOLA 2024"},"content":{"rendered":"<p style=\"text-align: justify;\">El divendres 9 de febrer, a la tarda, celebrarem el Carnaval a l&#8217;interior de l&#8217;escola, a la pista gran del pati de prim\u00e0ria, i ens ho passarem genial!<\/p>\n<p style=\"text-align: justify;\">La disfressa estar\u00e0 relacionada amb &#8220;Els anys 80&#8221;, per\u00f2 no obligat\u00f2riament amb el nom de la classe, tot i que seria ideal. Recordeu que, de vegades, la millor disfressa \u00e9s aquella que ha estat elaborada conjuntament per pares, mares, nens i nenes&#8230; i que amb una camisa vella, cartr\u00f3, paper i una mica d\u2019imaginaci\u00f3 es poden aconseguir veritables meravelles.<a href=\"https:\/\/agora.xtec.cat\/ceipmarianao\/wp-content\/uploads\/usu17\/2024\/02\/1.png\"><img loading=\"lazy\" decoding=\"async\" class=\"aligncenter wp-image-4990\" src=\"https:\/\/agora.xtec.cat\/ceipmarianao\/wp-content\/uploads\/usu17\/2024\/02\/1-300x211.png\" alt=\"\" width=\"500\" height=\"352\" srcset=\"https:\/\/agora.xtec.cat\/ceipmarianao\/wp-content\/uploads\/usu17\/2024\/02\/1-300x211.png 300w, https:\/\/agora.xtec.cat\/ceipmarianao\/wp-content\/uploads\/usu17\/2024\/02\/1-1024x722.png 1024w, https:\/\/agora.xtec.cat\/ceipmarianao\/wp-content\/uploads\/usu17\/2024\/02\/1-768x541.png 768w, https:\/\/agora.xtec.cat\/ceipmarianao\/wp-content\/uploads\/usu17\/2024\/02\/1.png 1283w\" sizes=\"auto, (max-width: 500px) 100vw, 500px\" \/><br \/>\n<\/a><a href=\"https:\/\/agora.xtec.cat\/ceipmarianao\/wp-content\/uploads\/usu17\/2024\/02\/2.png\"><img loading=\"lazy\" decoding=\"async\" class=\"aligncenter wp-image-4991\" src=\"https:\/\/agora.xtec.cat\/ceipmarianao\/wp-content\/uploads\/usu17\/2024\/02\/2-300x212.png\" alt=\"\" width=\"500\" height=\"353\" srcset=\"https:\/\/agora.xtec.cat\/ceipmarianao\/wp-content\/uploads\/usu17\/2024\/02\/2-300x212.png 300w, https:\/\/agora.xtec.cat\/ceipmarianao\/wp-content\/uploads\/usu17\/2024\/02\/2-1024x725.png 1024w, https:\/\/agora.xtec.cat\/ceipmarianao\/wp-content\/uploads\/usu17\/2024\/02\/2-768x544.png 768w, https:\/\/agora.xtec.cat\/ceipmarianao\/wp-content\/uploads\/usu17\/2024\/02\/2.png 1277w\" sizes=\"auto, (max-width: 500px) 100vw, 500px\" \/><\/a><\/p>\n<p style=\"text-align: justify;\">Ja ha arribat el Carnestoltes, el rei dels poca-soltes! Per a la seva rebuda, els nens i les nenes de prim\u00e0ria han elaborat aquest preg\u00f3!<\/p>\n<p style=\"text-align: center;\"><a href=\"https:\/\/agora.xtec.cat\/ceipmarianao\/wp-content\/uploads\/usu17\/2024\/02\/1-scaled.jpg\"><img loading=\"lazy\" decoding=\"async\" class=\"aligncenter wp-image-4993\" src=\"https:\/\/agora.xtec.cat\/ceipmarianao\/wp-content\/uploads\/usu17\/2024\/02\/1-225x300.jpg\" alt=\"\" width=\"400\" height=\"533\" srcset=\"https:\/\/agora.xtec.cat\/ceipmarianao\/wp-content\/uploads\/usu17\/2024\/02\/1-225x300.jpg 225w, https:\/\/agora.xtec.cat\/ceipmarianao\/wp-content\/uploads\/usu17\/2024\/02\/1-768x1024.jpg 768w, https:\/\/agora.xtec.cat\/ceipmarianao\/wp-content\/uploads\/usu17\/2024\/02\/1-1152x1536.jpg 1152w, https:\/\/agora.xtec.cat\/ceipmarianao\/wp-content\/uploads\/usu17\/2024\/02\/1-1536x2048.jpg 1536w, https:\/\/agora.xtec.cat\/ceipmarianao\/wp-content\/uploads\/usu17\/2024\/02\/1-scaled.jpg 1920w\" sizes=\"auto, (max-width: 400px) 100vw, 400px\" \/><\/a> <a href=\"https:\/\/agora.xtec.cat\/ceipmarianao\/wp-content\/uploads\/usu17\/2024\/02\/2-scaled.jpg\"><img loading=\"lazy\" decoding=\"async\" class=\"aligncenter wp-image-4994\" src=\"https:\/\/agora.xtec.cat\/ceipmarianao\/wp-content\/uploads\/usu17\/2024\/02\/2-225x300.jpg\" alt=\"\" width=\"400\" height=\"533\" srcset=\"https:\/\/agora.xtec.cat\/ceipmarianao\/wp-content\/uploads\/usu17\/2024\/02\/2-225x300.jpg 225w, https:\/\/agora.xtec.cat\/ceipmarianao\/wp-content\/uploads\/usu17\/2024\/02\/2-768x1024.jpg 768w, https:\/\/agora.xtec.cat\/ceipmarianao\/wp-content\/uploads\/usu17\/2024\/02\/2-1152x1536.jpg 1152w, https:\/\/agora.xtec.cat\/ceipmarianao\/wp-content\/uploads\/usu17\/2024\/02\/2-1536x2048.jpg 1536w, https:\/\/agora.xtec.cat\/ceipmarianao\/wp-content\/uploads\/usu17\/2024\/02\/2-scaled.jpg 1920w\" sizes=\"auto, (max-width: 400px) 100vw, 400px\" \/><\/a><\/p>\n<p style=\"text-align: justify;\">La setmana m\u00e9s esbojarrada de l&#8217;any ja s&#8217;ha acabat i els nens i les nenes de la classe d&#8217;I5 han escrit unes paraules per a acomiadar el Rei Carnestoltes!<\/p>\n<p style=\"text-align: justify;\"><a href=\"https:\/\/agora.xtec.cat\/ceipmarianao\/wp-content\/uploads\/usu17\/2024\/02\/Comiat-Carnestoltes.png\"><img loading=\"lazy\" decoding=\"async\" class=\"aligncenter wp-image-4997\" src=\"https:\/\/agora.xtec.cat\/ceipmarianao\/wp-content\/uploads\/usu17\/2024\/02\/Comiat-Carnestoltes-169x300.png\" alt=\"\" width=\"400\" height=\"710\" srcset=\"https:\/\/agora.xtec.cat\/ceipmarianao\/wp-content\/uploads\/usu17\/2024\/02\/Comiat-Carnestoltes-169x300.png 169w, https:\/\/agora.xtec.cat\/ceipmarianao\/wp-content\/uploads\/usu17\/2024\/02\/Comiat-Carnestoltes-576x1024.png 576w, https:\/\/agora.xtec.cat\/ceipmarianao\/wp-content\/uploads\/usu17\/2024\/02\/Comiat-Carnestoltes-768x1365.png 768w, https:\/\/agora.xtec.cat\/ceipmarianao\/wp-content\/uploads\/usu17\/2024\/02\/Comiat-Carnestoltes-864x1536.png 864w, https:\/\/agora.xtec.cat\/ceipmarianao\/wp-content\/uploads\/usu17\/2024\/02\/Comiat-Carnestoltes.png 1080w\" sizes=\"auto, (max-width: 400px) 100vw, 400px\" \/><\/a><\/p>\n","protected":false},"excerpt":{"rendered":"<p>El divendres 9 de febrer, a la tarda, celebrarem el Carnaval a l&#8217;interior de l&#8217;escola, a la pista gran del pati de prim\u00e0ria, i ens ho passarem genial!<br \/>\nLa disfressa estar\u00e0 relacionada amb &#8220;Els anys 80&#8221;, per\u00f2 no obligat\u00f2riament amb el nom de la classe, tot&hellip;  <a href=\"https:\/\/agora.xtec.cat\/ceipmarianao\/general\/carnaval-i-disfresses-escola-2024\/\" title=\"Read CARNAVAL I DISFRESSES ESCOLA 2024\">Llegeix m\u00e9s\u00bb<\/a><\/p>\n","protected":false},"author":3,"featured_media":0,"comment_status":"closed","ping_status":"closed","sticky":false,"template":"","format":"standard","meta":{"_bbp_topic_count":0,"_bbp_reply_count":0,"_bbp_total_topic_count":0,"_bbp_total_reply_count":0,"_bbp_voice_count":0,"_bbp_anonymous_reply_count":0,"_bbp_topic_count_hidden":0,"_bbp_reply_count_hidden":0,"_bbp_forum_subforum_count":0,"footnotes":""},"categories":[1,28,4],"tags":[],"class_list":["post-4989","post","type-post","status-publish","format-standard","hentry","category-general","category-noticies-portada","category-portada"],"post_mailing_queue_ids":[],"_links":{"self":[{"href":"https:\/\/agora.xtec.cat\/ceipmarianao\/wp-json\/wp\/v2\/posts\/4989","targetHints":{"allow":["GET"]}}],"collection":[{"href":"https:\/\/agora.xtec.cat\/ceipmarianao\/wp-json\/wp\/v2\/posts"}],"about":[{"href":"https:\/\/agora.xtec.cat\/ceipmarianao\/wp-json\/wp\/v2\/types\/post"}],"author":[{"embeddable":true,"href":"https:\/\/agora.xtec.cat\/ceipmarianao\/wp-json\/wp\/v2\/users\/3"}],"replies":[{"embeddable":true,"href":"https:\/\/agora.xtec.cat\/ceipmarianao\/wp-json\/wp\/v2\/comments?post=4989"}],"version-history":[{"count":4,"href":"https:\/\/agora.xtec.cat\/ceipmarianao\/wp-json\/wp\/v2\/posts\/4989\/revisions"}],"predecessor-version":[{"id":5276,"href":"https:\/\/agora.xtec.cat\/ceipmarianao\/wp-json\/wp\/v2\/posts\/4989\/revisions\/5276"}],"wp:attachment":[{"href":"https:\/\/agora.xtec.cat\/ceipmarianao\/wp-json\/wp\/v2\/media?parent=4989"}],"wp:term":[{"taxonomy":"category","embeddable":true,"href":"https:\/\/agora.xtec.cat\/ceipmarianao\/wp-json\/wp\/v2\/categories?post=4989"},{"taxonomy":"post_tag","embeddable":true,"href":"https:\/\/agora.xtec.cat\/ceipmarianao\/wp-json\/wp\/v2\/tags?post=4989"}],"curies":[{"name":"wp","href":"https:\/\/api.w.org\/{rel}","templated":true}]}}