{"id":4983,"date":"2024-02-01T14:20:21","date_gmt":"2024-02-01T13:20:21","guid":{"rendered":"https:\/\/agora.xtec.cat\/ceipmarianao\/?p=4983"},"modified":"2024-02-01T14:20:52","modified_gmt":"2024-02-01T13:20:52","slug":"dia-escolar-de-la-no-violencia-i-la-pau-denip","status":"publish","type":"post","link":"https:\/\/agora.xtec.cat\/ceipmarianao\/general\/dia-escolar-de-la-no-violencia-i-la-pau-denip\/","title":{"rendered":"DIA ESCOLAR DE LA NO-VIOL\u00c8NCIA I LA PAU (DENIP)"},"content":{"rendered":"<p style=\"text-align: justify;\">El dimarts 30 de gener es va celebrar el <strong><u>Dia Escolar de la No-viol\u00e8ncia i la Pau<\/u><\/strong>.<\/p>\n<p style=\"text-align: justify;\">Durant aquesta setmana, hem volgut donar-li visibilitat a aquest dia a l\u2019escola, visualitzant diferents v\u00eddeos espec\u00edfics i realitzant, posteriorment, una conversa-reflexi\u00f3, guiada pels tutors i tutores, amb els nens i nenes:<\/p>\n<p style=\"text-align: justify;\"><strong><u>Educaci\u00f3 infantil<\/u><\/strong><\/p>\n<p style=\"text-align: justify;\"><a href=\"https:\/\/www.ccma.cat\/tv3\/sx3\/el-sr-guerra-i-la-sra-pau\/video\/837199\/\">El Sr. Guerra i la Sra. Pau<\/a><a href=\"https:\/\/www.ccma.cat\/tv3\/sx3\/el-sr-guerra-i-la-sra-pau\/video\/837199\/\">. <\/a>Una m\u00e0 de contes.<\/p>\n<p style=\"text-align: justify;\">Dupond i Dupont, Batman i Robin, la Seca i la Meca, el pa amb xocolata, les gambes amb nata. El m\u00f3n est\u00e0 ple de parelles inesperades. I aquesta \u00e9s la hist\u00f2ria d\u2019una de ben estranya: la del senyor Guerra i la senyora Pau.<\/p>\n<p style=\"text-align: justify;\"><strong><u>Cicle inicial<\/u><\/strong><\/p>\n<p style=\"text-align: justify;\">Visualitzaci\u00f3 del curtmetratge &#8220;<a href=\"https:\/\/www.youtube.com\/watch?v=_X_AfRk9F9w\">Bridge<\/a>&#8221; i posterior conversa grupal.<\/p>\n<p style=\"text-align: justify;\">En nom\u00e9s 2 minuts aquest curt ens convida a reflexionar sobre el di\u00e0leg, la import\u00e0ncia de la comunicaci\u00f3 i el poder de la bona feina en equip. Es demostra que cal resoldre els problemes parlant, ja que d&#8217;aquesta manera tots hi guanyem.<\/p>\n<p style=\"text-align: justify;\"><strong><u>Cicle Mitj\u00e0<\/u><\/strong><\/p>\n<p style=\"text-align: justify;\">Conversa i reflexi\u00f3 grupal a partir de la poesia dibuixada &#8220;<a href=\"https:\/\/www.youtube.com\/watch?v=dvEDdx030ww\">Podries<\/a>&#8220;, de la Joana Raspall:<\/p>\n<p style=\"text-align: justify;\">Versi\u00f3 cantada del poema &#8220;Podries&#8221;, de la Joana Raspall:<\/p>\n<p style=\"text-align: justify;\"><strong><u>Cicle superior<\/u><\/strong><\/p>\n<p style=\"text-align: justify;\"><u>Visualitzaci\u00f3 del curtmetratge &#8220;<a href=\"https:\/\/www.youtube.com\/watch?v=aqDJFXNfHus&amp;list=RDaqDJFXNfHus&amp;index=2\">El poder de un abrazo<\/a>&#8220;:<\/u><\/p>\n<p style=\"text-align: justify;\">En aquest curtmetratge es presenta el m\u00f3n com un lloc fred i distant, les persones es mostren agressives i irritables. Per\u00f2 tamb\u00e9 es demostra que una abra\u00e7ada expressa i fa sentir: amor, afecte, seguretat, protecci\u00f3, confian\u00e7a, fortalesa, suport, estima, amistat, alegria, felicitat. Una abra\u00e7ada pot trencar barreres que, de vegades, les paraules no poden trencar.<\/p>\n<p style=\"text-align: center;\"><a href=\"https:\/\/agora.xtec.cat\/ceipmarianao\/wp-content\/uploads\/usu17\/2024\/02\/web.png\"><img loading=\"lazy\" decoding=\"async\" class=\"aligncenter wp-image-4985\" src=\"https:\/\/agora.xtec.cat\/ceipmarianao\/wp-content\/uploads\/usu17\/2024\/02\/web-300x240.png\" alt=\"\" width=\"500\" height=\"400\" srcset=\"https:\/\/agora.xtec.cat\/ceipmarianao\/wp-content\/uploads\/usu17\/2024\/02\/web-300x240.png 300w, https:\/\/agora.xtec.cat\/ceipmarianao\/wp-content\/uploads\/usu17\/2024\/02\/web-768x614.png 768w, https:\/\/agora.xtec.cat\/ceipmarianao\/wp-content\/uploads\/usu17\/2024\/02\/web.png 1000w\" sizes=\"auto, (max-width: 500px) 100vw, 500px\" \/><\/a><\/p>\n","protected":false},"excerpt":{"rendered":"<p>El dimarts 30 de gener es va celebrar el Dia Escolar de la No-viol\u00e8ncia i la Pau.<br \/>\nDurant aquesta setmana, hem volgut donar-li visibilitat a aquest dia a l\u2019escola, visualitzant diferents v\u00eddeos espec\u00edfics i realitzant, posteriorment, una conversa-reflexi\u00f3, guiada pels tutors i tutores, amb els nens&hellip;  <a href=\"https:\/\/agora.xtec.cat\/ceipmarianao\/general\/dia-escolar-de-la-no-violencia-i-la-pau-denip\/\" title=\"Read DIA ESCOLAR DE LA NO-VIOL\u00c8NCIA I LA PAU (DENIP)\">Llegeix m\u00e9s\u00bb<\/a><\/p>\n","protected":false},"author":3,"featured_media":4986,"comment_status":"closed","ping_status":"closed","sticky":false,"template":"","format":"standard","meta":{"_bbp_topic_count":0,"_bbp_reply_count":0,"_bbp_total_topic_count":0,"_bbp_total_reply_count":0,"_bbp_voice_count":0,"_bbp_anonymous_reply_count":0,"_bbp_topic_count_hidden":0,"_bbp_reply_count_hidden":0,"_bbp_forum_subforum_count":0,"footnotes":""},"categories":[1,28,4],"tags":[],"class_list":["post-4983","post","type-post","status-publish","format-standard","has-post-thumbnail","hentry","category-general","category-noticies-portada","category-portada"],"post_mailing_queue_ids":[],"_links":{"self":[{"href":"https:\/\/agora.xtec.cat\/ceipmarianao\/wp-json\/wp\/v2\/posts\/4983","targetHints":{"allow":["GET"]}}],"collection":[{"href":"https:\/\/agora.xtec.cat\/ceipmarianao\/wp-json\/wp\/v2\/posts"}],"about":[{"href":"https:\/\/agora.xtec.cat\/ceipmarianao\/wp-json\/wp\/v2\/types\/post"}],"author":[{"embeddable":true,"href":"https:\/\/agora.xtec.cat\/ceipmarianao\/wp-json\/wp\/v2\/users\/3"}],"replies":[{"embeddable":true,"href":"https:\/\/agora.xtec.cat\/ceipmarianao\/wp-json\/wp\/v2\/comments?post=4983"}],"version-history":[{"count":3,"href":"https:\/\/agora.xtec.cat\/ceipmarianao\/wp-json\/wp\/v2\/posts\/4983\/revisions"}],"predecessor-version":[{"id":4988,"href":"https:\/\/agora.xtec.cat\/ceipmarianao\/wp-json\/wp\/v2\/posts\/4983\/revisions\/4988"}],"wp:featuredmedia":[{"embeddable":true,"href":"https:\/\/agora.xtec.cat\/ceipmarianao\/wp-json\/wp\/v2\/media\/4986"}],"wp:attachment":[{"href":"https:\/\/agora.xtec.cat\/ceipmarianao\/wp-json\/wp\/v2\/media?parent=4983"}],"wp:term":[{"taxonomy":"category","embeddable":true,"href":"https:\/\/agora.xtec.cat\/ceipmarianao\/wp-json\/wp\/v2\/categories?post=4983"},{"taxonomy":"post_tag","embeddable":true,"href":"https:\/\/agora.xtec.cat\/ceipmarianao\/wp-json\/wp\/v2\/tags?post=4983"}],"curies":[{"name":"wp","href":"https:\/\/api.w.org\/{rel}","templated":true}]}}