{"id":4914,"date":"2023-12-04T11:47:56","date_gmt":"2023-12-04T10:47:56","guid":{"rendered":"https:\/\/agora.xtec.cat\/ceipmarianao\/?p=4914"},"modified":"2023-12-10T15:19:27","modified_gmt":"2023-12-10T14:19:27","slug":"enllumenat-nadal-2","status":"publish","type":"post","link":"https:\/\/agora.xtec.cat\/ceipmarianao\/general\/enllumenat-nadal-2\/","title":{"rendered":"ENLLUMENAT DE NADAL"},"content":{"rendered":"<p style=\"text-align: center;\"><a href=\"https:\/\/agora.xtec.cat\/ceipmarianao\/wp-content\/uploads\/usu17\/2023\/12\/Encesa.jpg\"><img loading=\"lazy\" decoding=\"async\" class=\"aligncenter  wp-image-4922\" src=\"https:\/\/agora.xtec.cat\/ceipmarianao\/wp-content\/uploads\/usu17\/2023\/12\/Encesa-300x147.jpg\" alt=\"\" width=\"402\" height=\"197\" srcset=\"https:\/\/agora.xtec.cat\/ceipmarianao\/wp-content\/uploads\/usu17\/2023\/12\/Encesa-300x147.jpg 300w, https:\/\/agora.xtec.cat\/ceipmarianao\/wp-content\/uploads\/usu17\/2023\/12\/Encesa-768x376.jpg 768w, https:\/\/agora.xtec.cat\/ceipmarianao\/wp-content\/uploads\/usu17\/2023\/12\/Encesa.jpg 960w\" sizes=\"auto, (max-width: 402px) 100vw, 402px\" \/><\/a><\/p>\n<p style=\"text-align: justify;\">El divendres 1 de desembre, a les 19:30h, va tenir lloc l&#8217;acte d&#8217;encesa de llums de la pla\u00e7a de la Generalitat de Sant Boi. Aquest acte va ser possible gr\u00e0cies a la col\u00b7laboraci\u00f3 dels nens i nenes del barri Marianao, en el nostre cas dels nois i de les noies de cicle superior, ja que van ser qui van fer els NaOs (fanalets de Nadal).<\/p>\n<p style=\"text-align: justify;\">La J\u00falia Gala Li\u00f1ares, de 5\u00e8, va ser triada per sorteig la representant de la nostra escola i, per tant, va ser l&#8217;encarregada, conjuntament a altres infants i l&#8217;Alcaldessa, de pr\u00e9mer els botons que van donar llum a la pla\u00e7a.<\/p>\n<p style=\"text-align: center;\"><a href=\"https:\/\/agora.xtec.cat\/ceipmarianao\/wp-content\/uploads\/usu17\/2023\/12\/3f871a12-95b9-4209-b2cc-6fc8b7154815.jpg\"><img loading=\"lazy\" decoding=\"async\" class=\"wp-image-4916 alignnone\" src=\"https:\/\/agora.xtec.cat\/ceipmarianao\/wp-content\/uploads\/usu17\/2023\/12\/3f871a12-95b9-4209-b2cc-6fc8b7154815-300x225.jpg\" alt=\"\" width=\"400\" height=\"300\" srcset=\"https:\/\/agora.xtec.cat\/ceipmarianao\/wp-content\/uploads\/usu17\/2023\/12\/3f871a12-95b9-4209-b2cc-6fc8b7154815-300x225.jpg 300w, https:\/\/agora.xtec.cat\/ceipmarianao\/wp-content\/uploads\/usu17\/2023\/12\/3f871a12-95b9-4209-b2cc-6fc8b7154815-1024x768.jpg 1024w, https:\/\/agora.xtec.cat\/ceipmarianao\/wp-content\/uploads\/usu17\/2023\/12\/3f871a12-95b9-4209-b2cc-6fc8b7154815-768x576.jpg 768w, https:\/\/agora.xtec.cat\/ceipmarianao\/wp-content\/uploads\/usu17\/2023\/12\/3f871a12-95b9-4209-b2cc-6fc8b7154815-1536x1152.jpg 1536w, https:\/\/agora.xtec.cat\/ceipmarianao\/wp-content\/uploads\/usu17\/2023\/12\/3f871a12-95b9-4209-b2cc-6fc8b7154815-200x150.jpg 200w, https:\/\/agora.xtec.cat\/ceipmarianao\/wp-content\/uploads\/usu17\/2023\/12\/3f871a12-95b9-4209-b2cc-6fc8b7154815.jpg 1600w\" sizes=\"auto, (max-width: 400px) 100vw, 400px\" \/><\/a><\/p>\n<p style=\"text-align: justify;\"><a href=\"https:\/\/agora.xtec.cat\/ceipmarianao\/wp-content\/uploads\/usu17\/2023\/12\/a5ce4168-3446-4e8a-85c4-8924a15d3530.jpg\"><img loading=\"lazy\" decoding=\"async\" class=\"wp-image-4917 aligncenter\" src=\"https:\/\/agora.xtec.cat\/ceipmarianao\/wp-content\/uploads\/usu17\/2023\/12\/a5ce4168-3446-4e8a-85c4-8924a15d3530-300x200.jpg\" alt=\"\" width=\"401\" height=\"267\" srcset=\"https:\/\/agora.xtec.cat\/ceipmarianao\/wp-content\/uploads\/usu17\/2023\/12\/a5ce4168-3446-4e8a-85c4-8924a15d3530-300x200.jpg 300w, https:\/\/agora.xtec.cat\/ceipmarianao\/wp-content\/uploads\/usu17\/2023\/12\/a5ce4168-3446-4e8a-85c4-8924a15d3530-1024x683.jpg 1024w, https:\/\/agora.xtec.cat\/ceipmarianao\/wp-content\/uploads\/usu17\/2023\/12\/a5ce4168-3446-4e8a-85c4-8924a15d3530-768x512.jpg 768w, https:\/\/agora.xtec.cat\/ceipmarianao\/wp-content\/uploads\/usu17\/2023\/12\/a5ce4168-3446-4e8a-85c4-8924a15d3530-1536x1024.jpg 1536w, https:\/\/agora.xtec.cat\/ceipmarianao\/wp-content\/uploads\/usu17\/2023\/12\/a5ce4168-3446-4e8a-85c4-8924a15d3530.jpg 1600w\" sizes=\"auto, (max-width: 401px) 100vw, 401px\" \/><\/a><\/p>\n","protected":false},"excerpt":{"rendered":"<p><a href=\"https:\/\/agora.xtec.cat\/ceipmarianao\/wp-content\/uploads\/usu17\/2023\/12\/Encesa.jpg\"><\/a><br \/>\nEl divendres 1 de desembre, a les 19:30h, va tenir lloc l&#8217;acte d&#8217;encesa de llums de la pla\u00e7a de la Generalitat de Sant Boi. Aquest acte va ser possible gr\u00e0cies a la col\u00b7laboraci\u00f3 dels nens i nenes del barri Marianao, en el nostre cas&hellip;  <a href=\"https:\/\/agora.xtec.cat\/ceipmarianao\/general\/enllumenat-nadal-2\/\" title=\"Read ENLLUMENAT DE NADAL\">Llegeix m\u00e9s\u00bb<\/a><\/p>\n","protected":false},"author":3,"featured_media":0,"comment_status":"closed","ping_status":"closed","sticky":false,"template":"","format":"standard","meta":{"_bbp_topic_count":0,"_bbp_reply_count":0,"_bbp_total_topic_count":0,"_bbp_total_reply_count":0,"_bbp_voice_count":0,"_bbp_anonymous_reply_count":0,"_bbp_topic_count_hidden":0,"_bbp_reply_count_hidden":0,"_bbp_forum_subforum_count":0,"footnotes":""},"categories":[1,28,4],"tags":[],"class_list":["post-4914","post","type-post","status-publish","format-standard","hentry","category-general","category-noticies-portada","category-portada"],"post_mailing_queue_ids":[],"_links":{"self":[{"href":"https:\/\/agora.xtec.cat\/ceipmarianao\/wp-json\/wp\/v2\/posts\/4914","targetHints":{"allow":["GET"]}}],"collection":[{"href":"https:\/\/agora.xtec.cat\/ceipmarianao\/wp-json\/wp\/v2\/posts"}],"about":[{"href":"https:\/\/agora.xtec.cat\/ceipmarianao\/wp-json\/wp\/v2\/types\/post"}],"author":[{"embeddable":true,"href":"https:\/\/agora.xtec.cat\/ceipmarianao\/wp-json\/wp\/v2\/users\/3"}],"replies":[{"embeddable":true,"href":"https:\/\/agora.xtec.cat\/ceipmarianao\/wp-json\/wp\/v2\/comments?post=4914"}],"version-history":[{"count":4,"href":"https:\/\/agora.xtec.cat\/ceipmarianao\/wp-json\/wp\/v2\/posts\/4914\/revisions"}],"predecessor-version":[{"id":4923,"href":"https:\/\/agora.xtec.cat\/ceipmarianao\/wp-json\/wp\/v2\/posts\/4914\/revisions\/4923"}],"wp:attachment":[{"href":"https:\/\/agora.xtec.cat\/ceipmarianao\/wp-json\/wp\/v2\/media?parent=4914"}],"wp:term":[{"taxonomy":"category","embeddable":true,"href":"https:\/\/agora.xtec.cat\/ceipmarianao\/wp-json\/wp\/v2\/categories?post=4914"},{"taxonomy":"post_tag","embeddable":true,"href":"https:\/\/agora.xtec.cat\/ceipmarianao\/wp-json\/wp\/v2\/tags?post=4914"}],"curies":[{"name":"wp","href":"https:\/\/api.w.org\/{rel}","templated":true}]}}