{"id":4872,"date":"2023-11-02T09:52:21","date_gmt":"2023-11-02T08:52:21","guid":{"rendered":"https:\/\/agora.xtec.cat\/ceipmarianao\/?p=4872"},"modified":"2023-11-30T10:07:15","modified_gmt":"2023-11-30T09:07:15","slug":"eleccions-al-consell-escolar-renovacio-3","status":"publish","type":"post","link":"https:\/\/agora.xtec.cat\/ceipmarianao\/general\/eleccions-al-consell-escolar-renovacio-3\/","title":{"rendered":"ELECCIONS AL CONSELL ESCOLAR (RENOVACI\u00d3)"},"content":{"rendered":"<p style=\"text-align: center;\"><a href=\"https:\/\/agora.xtec.cat\/ceipmarianao\/wp-content\/uploads\/usu17\/2023\/11\/baixa.jpg\"><br \/>\n<img loading=\"lazy\" decoding=\"async\" src=\"https:\/\/agora.xtec.cat\/ceipmarianao\/wp-content\/uploads\/usu17\/2023\/11\/baixa.jpg\" alt=\"\" width=\"505\" height=\"284\" \/><\/a><img loading=\"lazy\" decoding=\"async\" src=\"https:\/\/agora.xtec.cat\/ceipmarianao\/wp-content\/uploads\/usu17\/2023\/11\/Sense-titol-300x180.png\" alt=\"\" width=\"505\" height=\"303\" \/><\/p>\n<p style=\"text-align: justify;\"><span style=\"font-family: 'Arial',sans-serif;\">A data 30 d&#8217;agost es va publicar la Resoluci\u00f3 EDU\/3014\/2023 per la qual s&#8217;estableix el calendari i el r\u00e8gim del proc\u00e9s electoral per a renovar els membres dels consells escolars dels centres p\u00fablics i privats sostinguts amb fons p\u00fablics.<\/span><\/p>\n<p style=\"text-align: justify;\"><span style=\"font-family: 'Arial',sans-serif;\">\u00c9s per aquest motiu que<strong>\u00a0s&#8217;obre el proc\u00e9s de\u00a0renovaci\u00f3\u00a0de part dels i de les representants dels tres sectors del\u00a0Consell\u00a0Escolar:<\/strong> pares i mares, mestres i PAS (Personal d&#8217;Administraci\u00f3 i Serveis). <a href=\"https:\/\/drive.google.com\/file\/d\/1QLwrI4_fNE6NSlKrV0IYU8mRLYidBNeh\/view?usp=sharing\">Aqu\u00ed<\/a> teniu les vacants a cobrir, la forma i el termini.<\/span><\/p>\n<p style=\"text-align: justify;\"><span style=\"font-family: 'Arial',sans-serif;\">El Consell Escolar \u00e9s l&#8217;\u00f2rgan col\u00b7legiat de participaci\u00f3 de la comunitat escolar en el govern del centre. Est\u00e0 compost pel sector nat: la directora, la cap d&#8217;estudis i la secret\u00e0ria (que exerceix de secret\u00e0ria del Consell, t\u00e9 veu, per\u00f2 no vot), una representant del sector PAS i un representant de l&#8217;Ajuntament; el sector mestres: cinc representants; i el sector pares i mares: cinc representants (dels quals una hi representa l&#8217;AFA).<\/span><\/p>\n<p style=\"text-align: justify;\"><span style=\"font-family: 'Arial',sans-serif;\">Podeu presentar la vostra<strong><a href=\"https:\/\/drive.google.com\/file\/d\/1vipfeZcsevJiN-TdxcveJBgRusAJoTue\/view?usp=sharing\"> candidatura<\/a> des del dijous 2 de novembre fins al dimarts 14 de novembre.<\/strong><\/span><\/p>\n<p style=\"text-align: justify;\"><span style=\"font-family: 'Arial',sans-serif;\">Als taulers que hi ha als accessos al centre (C.Xiprers i P. Mimoses) i al suro que hi ha a l&#8217;edifici de direcci\u00f3 trobareu les llistes del cens electoral. Si us plau, comproveu-les i, si escau, presenteu\u00a0<strong>reclamaci\u00f3 abans del dilluns 6 de novembre<\/strong>.<\/span><\/p>\n<p style=\"text-align: justify;\"><span style=\"font-family: 'Arial',sans-serif;\">El dia de les\u00a0<strong>votacions del sector pares i mares ser\u00e0 el dimarts 21 de novembre, a les entrades i a les sortides<\/strong>. Si alg\u00fa en vol actuar com a\u00a0<strong>supervisor haur\u00e0 de presentar <a href=\"https:\/\/drive.google.com\/file\/d\/1YJxJ9E4xpwqnXclrunHiPf7bepiXiHPR\/view?usp=sharing\">sol\u00b7licitud<\/a><\/strong>\u00a0abans del <strong>divendres 17 de novembre<\/strong>. <\/span><\/p>\n<p style=\"text-align: justify;\"><span style=\"font-family: 'Arial',sans-serif;\">Donem la benvinguda a la <strong>Patricia Alarc\u00f3n Garc\u00eda<\/strong>, mare de l&#8217;Enzo G\u00f3mez Alarc\u00f3n, de 3r, i a la <strong>Maite Morato Alcalde<\/strong>, mare de la Martina Arcos Morato, tamb\u00e9 de 3r. <\/span><\/p>\n<p style=\"text-align: justify;\"><span style=\"font-family: 'Arial',sans-serif;\"><a href=\"https:\/\/drive.google.com\/file\/d\/1RaU2Ueh1o0QrcStCvTzFTejO28XgoOzK\/view?usp=sharing\">Aqu\u00ed<\/a> teniu el resultat de la votaci\u00f3. Tamb\u00e9 el podeu consultar als taulers d&#8217;anuncis d&#8217;acc\u00e9s a l&#8217;escola. <\/span><\/p>\n<p style=\"text-align: justify;\"><span style=\"font-family: 'Arial',sans-serif;\">Aprofitem l&#8217;avinentesa per a agrair el comprom\u00eds i la dedicaci\u00f3, durant els 5 anys de representaci\u00f3 al Consell\u00a0Escolar, a l&#8217;<strong>Aurora Barba Mart\u00ednez<\/strong>, mare de la Luc\u00eda Palma Barba, de 5\u00e8, i a la <strong>Mari Carmen Cazorla Garc\u00eda<\/strong>, mare del Mart\u00ed Monfort Cazorla, de 3r.<\/span><\/p>\n","protected":false},"excerpt":{"rendered":"<p><a href=\"https:\/\/agora.xtec.cat\/ceipmarianao\/wp-content\/uploads\/usu17\/2023\/11\/baixa.jpg\"><br \/>\n<\/a><br \/>\nA data 30 d&#8217;agost es va publicar la Resoluci\u00f3 EDU\/3014\/2023 per la qual s&#8217;estableix el calendari i el r\u00e8gim del proc\u00e9s electoral per a renovar els membres dels consells escolars dels centres p\u00fablics i privats sostinguts amb fons p\u00fablics.<br \/>\n\u00c9s per aquest motiu que\u00a0s&#8217;obre el&hellip;  <a href=\"https:\/\/agora.xtec.cat\/ceipmarianao\/general\/eleccions-al-consell-escolar-renovacio-3\/\" title=\"Read ELECCIONS AL CONSELL ESCOLAR (RENOVACI\u00d3)\">Llegeix m\u00e9s\u00bb<\/a><\/p>\n","protected":false},"author":3,"featured_media":0,"comment_status":"closed","ping_status":"closed","sticky":false,"template":"","format":"standard","meta":{"_bbp_topic_count":0,"_bbp_reply_count":0,"_bbp_total_topic_count":0,"_bbp_total_reply_count":0,"_bbp_voice_count":0,"_bbp_anonymous_reply_count":0,"_bbp_topic_count_hidden":0,"_bbp_reply_count_hidden":0,"_bbp_forum_subforum_count":0,"footnotes":""},"categories":[1,28,4],"tags":[],"class_list":["post-4872","post","type-post","status-publish","format-standard","hentry","category-general","category-noticies-portada","category-portada"],"post_mailing_queue_ids":[],"_links":{"self":[{"href":"https:\/\/agora.xtec.cat\/ceipmarianao\/wp-json\/wp\/v2\/posts\/4872","targetHints":{"allow":["GET"]}}],"collection":[{"href":"https:\/\/agora.xtec.cat\/ceipmarianao\/wp-json\/wp\/v2\/posts"}],"about":[{"href":"https:\/\/agora.xtec.cat\/ceipmarianao\/wp-json\/wp\/v2\/types\/post"}],"author":[{"embeddable":true,"href":"https:\/\/agora.xtec.cat\/ceipmarianao\/wp-json\/wp\/v2\/users\/3"}],"replies":[{"embeddable":true,"href":"https:\/\/agora.xtec.cat\/ceipmarianao\/wp-json\/wp\/v2\/comments?post=4872"}],"version-history":[{"count":7,"href":"https:\/\/agora.xtec.cat\/ceipmarianao\/wp-json\/wp\/v2\/posts\/4872\/revisions"}],"predecessor-version":[{"id":4901,"href":"https:\/\/agora.xtec.cat\/ceipmarianao\/wp-json\/wp\/v2\/posts\/4872\/revisions\/4901"}],"wp:attachment":[{"href":"https:\/\/agora.xtec.cat\/ceipmarianao\/wp-json\/wp\/v2\/media?parent=4872"}],"wp:term":[{"taxonomy":"category","embeddable":true,"href":"https:\/\/agora.xtec.cat\/ceipmarianao\/wp-json\/wp\/v2\/categories?post=4872"},{"taxonomy":"post_tag","embeddable":true,"href":"https:\/\/agora.xtec.cat\/ceipmarianao\/wp-json\/wp\/v2\/tags?post=4872"}],"curies":[{"name":"wp","href":"https:\/\/api.w.org\/{rel}","templated":true}]}}