{"id":4866,"date":"2023-11-01T20:19:06","date_gmt":"2023-11-01T19:19:06","guid":{"rendered":"https:\/\/agora.xtec.cat\/ceipmarianao\/?p=4866"},"modified":"2023-11-01T20:22:33","modified_gmt":"2023-11-01T19:22:33","slug":"castanyada-i-halloween-2023","status":"publish","type":"post","link":"https:\/\/agora.xtec.cat\/ceipmarianao\/general\/castanyada-i-halloween-2023\/","title":{"rendered":"CASTANYADA I HALLOWEEN 2023"},"content":{"rendered":"<p style=\"text-align: justify;\">El dimarts 31 d\u2019octubre vam celebrar la Castanyada i Halloween amb les ja tradicionals danses a Educaci\u00f3 Infantil, Cicle Inicial i Cicle Mitj\u00e0 i amb els ja tamb\u00e9 tradicionals balls de Halloween a Cicle Superior. Despr\u00e9s vam berenar tots i totes junts un espectacular berenar de tardor que els infants havien elaborat al mat\u00ed amb la col\u00b7laboraci\u00f3 d&#8217;algunes fam\u00edlies volunt\u00e0ries: gr\u00e0cies! Ens ho vam passar d&#8217;all\u00f2 m\u00e9s b\u00e9!<\/p>\n<p style=\"text-align: center;\"><iframe loading=\"lazy\" src=\"\/\/www.youtube.com\/embed\/UfdKUiEK6Ug\" width=\"560\" height=\"314\" allowfullscreen=\"allowfullscreen\"><\/iframe><\/p>\n","protected":false},"excerpt":{"rendered":"<p>El dimarts 31 d\u2019octubre vam celebrar la Castanyada i Halloween amb les ja tradicionals danses a Educaci\u00f3 Infantil, Cicle Inicial i Cicle Mitj\u00e0 i amb els ja tamb\u00e9 tradicionals balls de Halloween a Cicle Superior. Despr\u00e9s vam berenar tots i totes junts un espectacular berenar&hellip;  <a href=\"https:\/\/agora.xtec.cat\/ceipmarianao\/general\/castanyada-i-halloween-2023\/\" title=\"Read CASTANYADA I HALLOWEEN 2023\">Llegeix m\u00e9s\u00bb<\/a><\/p>\n","protected":false},"author":3,"featured_media":4868,"comment_status":"closed","ping_status":"closed","sticky":false,"template":"","format":"standard","meta":{"_bbp_topic_count":0,"_bbp_reply_count":0,"_bbp_total_topic_count":0,"_bbp_total_reply_count":0,"_bbp_voice_count":0,"_bbp_anonymous_reply_count":0,"_bbp_topic_count_hidden":0,"_bbp_reply_count_hidden":0,"_bbp_forum_subforum_count":0,"footnotes":""},"categories":[1,28,4],"tags":[],"class_list":["post-4866","post","type-post","status-publish","format-standard","has-post-thumbnail","hentry","category-general","category-noticies-portada","category-portada"],"post_mailing_queue_ids":[],"_links":{"self":[{"href":"https:\/\/agora.xtec.cat\/ceipmarianao\/wp-json\/wp\/v2\/posts\/4866","targetHints":{"allow":["GET"]}}],"collection":[{"href":"https:\/\/agora.xtec.cat\/ceipmarianao\/wp-json\/wp\/v2\/posts"}],"about":[{"href":"https:\/\/agora.xtec.cat\/ceipmarianao\/wp-json\/wp\/v2\/types\/post"}],"author":[{"embeddable":true,"href":"https:\/\/agora.xtec.cat\/ceipmarianao\/wp-json\/wp\/v2\/users\/3"}],"replies":[{"embeddable":true,"href":"https:\/\/agora.xtec.cat\/ceipmarianao\/wp-json\/wp\/v2\/comments?post=4866"}],"version-history":[{"count":3,"href":"https:\/\/agora.xtec.cat\/ceipmarianao\/wp-json\/wp\/v2\/posts\/4866\/revisions"}],"predecessor-version":[{"id":4870,"href":"https:\/\/agora.xtec.cat\/ceipmarianao\/wp-json\/wp\/v2\/posts\/4866\/revisions\/4870"}],"wp:featuredmedia":[{"embeddable":true,"href":"https:\/\/agora.xtec.cat\/ceipmarianao\/wp-json\/wp\/v2\/media\/4868"}],"wp:attachment":[{"href":"https:\/\/agora.xtec.cat\/ceipmarianao\/wp-json\/wp\/v2\/media?parent=4866"}],"wp:term":[{"taxonomy":"category","embeddable":true,"href":"https:\/\/agora.xtec.cat\/ceipmarianao\/wp-json\/wp\/v2\/categories?post=4866"},{"taxonomy":"post_tag","embeddable":true,"href":"https:\/\/agora.xtec.cat\/ceipmarianao\/wp-json\/wp\/v2\/tags?post=4866"}],"curies":[{"name":"wp","href":"https:\/\/api.w.org\/{rel}","templated":true}]}}