{"id":4797,"date":"2023-07-13T10:28:28","date_gmt":"2023-07-13T08:28:28","guid":{"rendered":"https:\/\/agora.xtec.cat\/ceipmarianao\/?p=4797"},"modified":"2023-09-05T10:41:03","modified_gmt":"2023-09-05T08:41:03","slug":"informacio-interes-inici-de-curs-2023-2024","status":"publish","type":"post","link":"https:\/\/agora.xtec.cat\/ceipmarianao\/general\/informacio-interes-inici-de-curs-2023-2024\/","title":{"rendered":"INFORMACI\u00d3 INTER\u00c8S INICI DE CURS 2023-2024"},"content":{"rendered":"<p style=\"text-align: justify;\">Aspectes d&#8217;inter\u00e8s a tenir en compte per a l\u2019inici del curs vinent:<\/p>\n<p>&#8211;<a href=\"https:\/\/drive.google.com\/file\/d\/1qFFIRc1HUMBfer4kkyNNjXlefj-NtCKi\/view?usp=sharing\">Calendari escolar curs 2023-2024<\/a>.<\/p>\n<p style=\"text-align: justify;\">-El dimecres 6 de setembre comen\u00e7ar\u00e0 el nou curs escolar 2023-2024.<\/p>\n<p style=\"text-align: justify;\">-L&#8217;horari lectiu ser\u00e0: de 9:00h a 12:30h i de 15:00h a 16:30h.<\/p>\n<p style=\"text-align: justify;\">-Els infants d&#8217;I3, els tres primers dies, faran una adaptaci\u00f3 progressiva al centre.<\/p>\n<p style=\"text-align: justify;\">-Les fam\u00edlies que vulguin fer \u00fas del servei de menjador des del primer dia (12:30h a 15:00h) hauran de comunicar-ho al tutor o tutora corresponent mitjan\u00e7ant una nota escrita i informar a la coordinadora del servei de menjador mitjan\u00e7ant trucada telef\u00f2nica o WhatsApp al n\u00famero de tel\u00e8fon 697158612 (pr\u00e8viament s\u2019haur\u00e0 d\u2019haver fet la inscripci\u00f3 al servei a trav\u00e9s del web de: <a href=\"https:\/\/elmenudelpetit.es\/\">El Men\u00fa del Petit<\/a>).<\/p>\n<p style=\"text-align: justify;\">-Els i les alumnes d&#8217;Educaci\u00f3 Infantil accediran a l&#8217;escola per les portes situades al Passeig de les Mimoses. Als nens i nenes que comencen I4 i I5 els estaran esperant mestres del curs passat. Si tenen germans o germanes a Prim\u00e0ria hi podran accedir per aquesta porta. Tamb\u00e9 podran sortir-hi, pr\u00e8via <a href=\"https:\/\/drive.google.com\/file\/d\/1l7InKisiOqbGt2gtDo6hgBjqd9dPat8K\/view?usp=sharing\">autoritzaci\u00f3<\/a>.<\/p>\n<p style=\"text-align: justify;\">-L&#8217;alumnat d&#8217;Educaci\u00f3 Prim\u00e0ria accedir\u00e0 al centre per la porta del carrer Xiprers. El dimecres 6 al mat\u00ed, els infants que cursaran 1r entraran per la porta d\u2019Infantil (els estaran esperant mestres del curs passat per a acompanyar-los a la nova aula). A partir del dimecres al migdia sortiran per la porta de Prim\u00e0ria.<\/p>\n<p style=\"text-align: justify;\">-Els infants nous hauran de venir a secretaria o direcci\u00f3 i els acompanyarem a les seves aules.<\/p>\n<p style=\"text-align: justify;\">-Durant els primers dies s&#8217;hauran de portar els llibres de text, sense marcar, a una bossa de pl\u00e0stic marcada amb el nom i cognoms del nen o nena (Prim\u00e0ria).<\/p>\n<p style=\"text-align: justify;\">-A comen\u00e7ament de setembre us farem arribar una circular amb aspectes d\u2019inter\u00e8s per a l\u2019organitzaci\u00f3 i el funcionament del centre i un plec d&#8217;autoritzacions (<a href=\"https:\/\/drive.google.com\/file\/d\/1l7InKisiOqbGt2gtDo6hgBjqd9dPat8K\/view?usp=sharing\">autoritzacions sortida i recollida<\/a> i <a href=\"https:\/\/drive.google.com\/file\/d\/1aWPJYXRRzQ0lmuuPcG1hQfLg_tf9K6H8\/view?usp=sharing\">autoritzaci\u00f3 administraci\u00f3 medicaments<\/a>).<\/p>\n<p>&#8211;<a href=\"https:\/\/drive.google.com\/file\/d\/1-D6k2uDygb-RGipkZ2YT2HVClNvJ6DBe\/view?usp=sharing\">Material escolar I3<\/a><\/p>\n<p>&#8211;<a href=\"https:\/\/drive.google.com\/file\/d\/16GpM6XsQqiM2AcBd094aAZnYSb3dA7Ct\/view?usp=sharing\">Material escolar I4 i I5<\/a><\/p>\n<p>&#8211;<a href=\"https:\/\/drive.google.com\/file\/d\/1rlezPvZHiYovrWPtqSpKGuDRK9Q3P6PS\/view?usp=sharing\">Material escolar Prim\u00e0ria<\/a><\/p>\n<p style=\"text-align: center;\"><a href=\"https:\/\/agora.xtec.cat\/ceipmarianao\/wp-content\/uploads\/usu17\/2023\/07\/images.jpg\"><img loading=\"lazy\" decoding=\"async\" class=\"aligncenter wp-image-4798\" src=\"https:\/\/agora.xtec.cat\/ceipmarianao\/wp-content\/uploads\/usu17\/2023\/07\/images.jpg\" alt=\"\" width=\"399\" height=\"298\" srcset=\"https:\/\/agora.xtec.cat\/ceipmarianao\/wp-content\/uploads\/usu17\/2023\/07\/images.jpg 260w, https:\/\/agora.xtec.cat\/ceipmarianao\/wp-content\/uploads\/usu17\/2023\/07\/images-200x150.jpg 200w\" sizes=\"auto, (max-width: 399px) 100vw, 399px\" \/><\/a><\/p>\n","protected":false},"excerpt":{"rendered":"<p>Aspectes d&#8217;inter\u00e8s a tenir en compte per a l\u2019inici del curs vinent:<br \/>\n&#8211;<a href=\"https:\/\/drive.google.com\/file\/d\/1qFFIRc1HUMBfer4kkyNNjXlefj-NtCKi\/view?usp=sharing\">Calendari escolar curs 2023-2024<\/a>.<br \/>\n-El dimecres 6 de setembre comen\u00e7ar\u00e0 el nou curs escolar 2023-2024.<br \/>\n-L&#8217;horari lectiu ser\u00e0: de 9:00h a 12:30h i de 15:00h a 16:30h.<br \/>\n-Els infants d&#8217;I3, els tres primers dies, faran una&hellip;  <a href=\"https:\/\/agora.xtec.cat\/ceipmarianao\/general\/informacio-interes-inici-de-curs-2023-2024\/\" title=\"Read INFORMACI\u00d3 INTER\u00c8S INICI DE CURS 2023-2024\">Llegeix m\u00e9s\u00bb<\/a><\/p>\n","protected":false},"author":3,"featured_media":0,"comment_status":"closed","ping_status":"closed","sticky":false,"template":"","format":"standard","meta":{"_bbp_topic_count":0,"_bbp_reply_count":0,"_bbp_total_topic_count":0,"_bbp_total_reply_count":0,"_bbp_voice_count":0,"_bbp_anonymous_reply_count":0,"_bbp_topic_count_hidden":0,"_bbp_reply_count_hidden":0,"_bbp_forum_subforum_count":0,"footnotes":""},"categories":[1,28,4],"tags":[],"class_list":["post-4797","post","type-post","status-publish","format-standard","hentry","category-general","category-noticies-portada","category-portada"],"post_mailing_queue_ids":[],"_links":{"self":[{"href":"https:\/\/agora.xtec.cat\/ceipmarianao\/wp-json\/wp\/v2\/posts\/4797","targetHints":{"allow":["GET"]}}],"collection":[{"href":"https:\/\/agora.xtec.cat\/ceipmarianao\/wp-json\/wp\/v2\/posts"}],"about":[{"href":"https:\/\/agora.xtec.cat\/ceipmarianao\/wp-json\/wp\/v2\/types\/post"}],"author":[{"embeddable":true,"href":"https:\/\/agora.xtec.cat\/ceipmarianao\/wp-json\/wp\/v2\/users\/3"}],"replies":[{"embeddable":true,"href":"https:\/\/agora.xtec.cat\/ceipmarianao\/wp-json\/wp\/v2\/comments?post=4797"}],"version-history":[{"count":2,"href":"https:\/\/agora.xtec.cat\/ceipmarianao\/wp-json\/wp\/v2\/posts\/4797\/revisions"}],"predecessor-version":[{"id":4835,"href":"https:\/\/agora.xtec.cat\/ceipmarianao\/wp-json\/wp\/v2\/posts\/4797\/revisions\/4835"}],"wp:attachment":[{"href":"https:\/\/agora.xtec.cat\/ceipmarianao\/wp-json\/wp\/v2\/media?parent=4797"}],"wp:term":[{"taxonomy":"category","embeddable":true,"href":"https:\/\/agora.xtec.cat\/ceipmarianao\/wp-json\/wp\/v2\/categories?post=4797"},{"taxonomy":"post_tag","embeddable":true,"href":"https:\/\/agora.xtec.cat\/ceipmarianao\/wp-json\/wp\/v2\/tags?post=4797"}],"curies":[{"name":"wp","href":"https:\/\/api.w.org\/{rel}","templated":true}]}}