{"id":4787,"date":"2023-06-26T11:46:11","date_gmt":"2023-06-26T09:46:11","guid":{"rendered":"https:\/\/agora.xtec.cat\/ceipmarianao\/?p=4787"},"modified":"2023-07-13T10:30:41","modified_gmt":"2023-07-13T08:30:41","slug":"comiat-6e-curs-2019-2020","status":"publish","type":"post","link":"https:\/\/agora.xtec.cat\/ceipmarianao\/general\/comiat-6e-curs-2019-2020\/","title":{"rendered":"COMIAT 6\u00e8 CURS 2019-2020"},"content":{"rendered":"<p style=\"text-align: justify;\">El dimecres 28 de juny vam fer un dinar pica-pica, a c\u00e0rrec de l&#8217;escola i l&#8217;AFA, amb els nois i noies que el curs 2019-2020 van acabar 6\u00e8, per\u00f2 que, a causa de la pand\u00e8mia, no vam poder acomiadar com es mereixien. Ens va encantar retrobar-nos amb ells i elles, comprovar com havien crescut i compartir an\u00e8cdotes passades. Les portes de l&#8217;Escola Marianao sempre les tindran obertes!<\/p>\n<p style=\"text-align: center;\"><a href=\"https:\/\/agora.xtec.cat\/ceipmarianao\/wp-content\/uploads\/usu17\/2023\/06\/Comiat-6e-pandemia.png\"><img loading=\"lazy\" decoding=\"async\" class=\"aligncenter wp-image-4788\" src=\"https:\/\/agora.xtec.cat\/ceipmarianao\/wp-content\/uploads\/usu17\/2023\/06\/Comiat-6e-pandemia-300x240.png\" alt=\"\" width=\"500\" height=\"400\" srcset=\"https:\/\/agora.xtec.cat\/ceipmarianao\/wp-content\/uploads\/usu17\/2023\/06\/Comiat-6e-pandemia-300x240.png 300w, https:\/\/agora.xtec.cat\/ceipmarianao\/wp-content\/uploads\/usu17\/2023\/06\/Comiat-6e-pandemia.png 500w\" sizes=\"auto, (max-width: 500px) 100vw, 500px\" \/><\/a><\/p>\n<p>&nbsp;<\/p>\n","protected":false},"excerpt":{"rendered":"<p>El dimecres 28 de juny vam fer un dinar pica-pica, a c\u00e0rrec de l&#8217;escola i l&#8217;AFA, amb els nois i noies que el curs 2019-2020 van acabar 6\u00e8, per\u00f2 que, a causa de la pand\u00e8mia, no vam poder acomiadar com es mereixien. Ens va encantar&hellip;  <a href=\"https:\/\/agora.xtec.cat\/ceipmarianao\/general\/comiat-6e-curs-2019-2020\/\" title=\"Read COMIAT 6\u00e8 CURS 2019-2020\">Llegeix m\u00e9s\u00bb<\/a><\/p>\n","protected":false},"author":3,"featured_media":0,"comment_status":"closed","ping_status":"closed","sticky":false,"template":"","format":"standard","meta":{"_bbp_topic_count":0,"_bbp_reply_count":0,"_bbp_total_topic_count":0,"_bbp_total_reply_count":0,"_bbp_voice_count":0,"_bbp_anonymous_reply_count":0,"_bbp_topic_count_hidden":0,"_bbp_reply_count_hidden":0,"_bbp_forum_subforum_count":0,"footnotes":""},"categories":[1,28,4],"tags":[],"class_list":["post-4787","post","type-post","status-publish","format-standard","hentry","category-general","category-noticies-portada","category-portada"],"post_mailing_queue_ids":[],"_links":{"self":[{"href":"https:\/\/agora.xtec.cat\/ceipmarianao\/wp-json\/wp\/v2\/posts\/4787","targetHints":{"allow":["GET"]}}],"collection":[{"href":"https:\/\/agora.xtec.cat\/ceipmarianao\/wp-json\/wp\/v2\/posts"}],"about":[{"href":"https:\/\/agora.xtec.cat\/ceipmarianao\/wp-json\/wp\/v2\/types\/post"}],"author":[{"embeddable":true,"href":"https:\/\/agora.xtec.cat\/ceipmarianao\/wp-json\/wp\/v2\/users\/3"}],"replies":[{"embeddable":true,"href":"https:\/\/agora.xtec.cat\/ceipmarianao\/wp-json\/wp\/v2\/comments?post=4787"}],"version-history":[{"count":1,"href":"https:\/\/agora.xtec.cat\/ceipmarianao\/wp-json\/wp\/v2\/posts\/4787\/revisions"}],"predecessor-version":[{"id":4791,"href":"https:\/\/agora.xtec.cat\/ceipmarianao\/wp-json\/wp\/v2\/posts\/4787\/revisions\/4791"}],"wp:attachment":[{"href":"https:\/\/agora.xtec.cat\/ceipmarianao\/wp-json\/wp\/v2\/media?parent=4787"}],"wp:term":[{"taxonomy":"category","embeddable":true,"href":"https:\/\/agora.xtec.cat\/ceipmarianao\/wp-json\/wp\/v2\/categories?post=4787"},{"taxonomy":"post_tag","embeddable":true,"href":"https:\/\/agora.xtec.cat\/ceipmarianao\/wp-json\/wp\/v2\/tags?post=4787"}],"curies":[{"name":"wp","href":"https:\/\/api.w.org\/{rel}","templated":true}]}}