{"id":4779,"date":"2023-06-27T11:19:40","date_gmt":"2023-06-27T09:19:40","guid":{"rendered":"https:\/\/agora.xtec.cat\/ceipmarianao\/?p=4779"},"modified":"2023-07-13T10:29:48","modified_gmt":"2023-07-13T08:29:48","slug":"llibres-de-text-recomanacions-destiu-i-material-escolar","status":"publish","type":"post","link":"https:\/\/agora.xtec.cat\/ceipmarianao\/general\/llibres-de-text-recomanacions-destiu-i-material-escolar\/","title":{"rendered":"LLIBRES DE TEXT, RECOMANACIONS D&#8217;ESTIU I MATERIAL ESCOLAR"},"content":{"rendered":"<p style=\"text-align: justify;\">A continuaci\u00f3 us deixem informaci\u00f3 d&#8217;inter\u00e8s:<\/p>\n<p style=\"text-align: justify;\">Els llibres de text que es faran servir a Prim\u00e0ria el curs 2023-2024 seran els seg\u00fcents:<\/p>\n<p style=\"text-align: center;\"><a href=\"https:\/\/drive.google.com\/file\/d\/1qvzy4MwwWqLSQglB73N5_72uL1zqOJ-1\/view?usp=drive_link\">Llibres de text 1r<\/a> \u00a0 \u00a0 \u00a0 \u00a0 \u00a0<a href=\"https:\/\/drive.google.com\/file\/d\/1y1KWUQpqwp8OKVXS3Bk1vReYPUYDkMiE\/view?usp=drive_link\">Llibres de text 2n<\/a> \u00a0\u00a0 \u00a0\u00a0 \u00a0\u00a0 <a href=\"https:\/\/drive.google.com\/file\/d\/1gChy9RVwIs01OAQ0o6Oaflfp-XqVeya8\/view?usp=drive_link\">Llibres de text 3r<\/a><\/p>\n<p style=\"text-align: center;\"><a href=\"https:\/\/drive.google.com\/file\/d\/12Lc6vKO3CSPv-WdnQ8L-s_5Pvm6CIioh\/view?usp=drive_link\">Llibres de text 4t <\/a>\u00a0 \u00a0 \u00a0 \u00a0 \u00a0<a href=\"https:\/\/drive.google.com\/file\/d\/1wNNGiGZSky7dgD734bhK3ACb_iKqbtbw\/view?usp=drive_link\">Llibres de text 5\u00e8<\/a> \u00a0 \u00a0 \u00a0 \u00a0 \u00a0<a href=\"https:\/\/drive.google.com\/file\/d\/1Lg9SoulBn5MAzYawBisSd8Wto-aibyGg\/view?usp=drive_link\">Llibres de text 6\u00e8<\/a><\/p>\n<p><a href=\"https:\/\/agora.xtec.cat\/ceipmarianao\/wp-content\/uploads\/usu17\/2023\/06\/llibres.jpg\"><img loading=\"lazy\" decoding=\"async\" class=\"aligncenter wp-image-4781\" src=\"https:\/\/agora.xtec.cat\/ceipmarianao\/wp-content\/uploads\/usu17\/2023\/06\/llibres.jpg\" alt=\"\" width=\"361\" height=\"238\" \/><\/a><\/p>\n<p><a href=\"https:\/\/xtec.gencat.cat\/ca\/recursos\/el-taller-de-ledu365\/estiu\/\">Recomanacions d&#8217;estiu<\/a><\/p>\n<p style=\"text-align: left;\"><a href=\"https:\/\/drive.google.com\/file\/d\/1TYtTIrNFxDtqqWtt8CE8RnRfflocKacT\/view?usp=sharing\">Guia de recomanacions lectores Serveis Educatius<\/a><\/p>\n<p><a href=\"https:\/\/drive.google.com\/file\/d\/1-D6k2uDygb-RGipkZ2YT2HVClNvJ6DBe\/view?usp=sharing\">Material escolar I3<\/a><\/p>\n<p><a href=\"https:\/\/drive.google.com\/file\/d\/16GpM6XsQqiM2AcBd094aAZnYSb3dA7Ct\/view?usp=sharing\">Material escolar I4 i I5<\/a><\/p>\n<p><a href=\"https:\/\/drive.google.com\/file\/d\/1rlezPvZHiYovrWPtqSpKGuDRK9Q3P6PS\/view?usp=sharing\">Material escolar Prim\u00e0ria<\/a><\/p>\n<p>&nbsp;<\/p>\n<p>&nbsp;<\/p>\n<p>&nbsp;<\/p>\n<p>&nbsp;<\/p>\n","protected":false},"excerpt":{"rendered":"<p>A continuaci\u00f3 us deixem informaci\u00f3 d&#8217;inter\u00e8s:<br \/>\nEls llibres de text que es faran servir a Prim\u00e0ria el curs 2023-2024 seran els seg\u00fcents:<br \/>\n<a href=\"https:\/\/drive.google.com\/file\/d\/1qvzy4MwwWqLSQglB73N5_72uL1zqOJ-1\/view?usp=drive_link\">Llibres de text 1r<\/a> \u00a0 \u00a0 \u00a0 \u00a0 \u00a0<a href=\"https:\/\/drive.google.com\/file\/d\/1y1KWUQpqwp8OKVXS3Bk1vReYPUYDkMiE\/view?usp=drive_link\">Llibres de text 2n<\/a> \u00a0\u00a0 \u00a0\u00a0 \u00a0\u00a0 <a href=\"https:\/\/drive.google.com\/file\/d\/1gChy9RVwIs01OAQ0o6Oaflfp-XqVeya8\/view?usp=drive_link\">Llibres de text 3r<\/a><br \/>\n<a href=\"https:\/\/drive.google.com\/file\/d\/12Lc6vKO3CSPv-WdnQ8L-s_5Pvm6CIioh\/view?usp=drive_link\">Llibres de text&hellip;  <a href=\"https:\/\/agora.xtec.cat\/ceipmarianao\/general\/llibres-de-text-recomanacions-destiu-i-material-escolar\/\" title=\"Read LLIBRES DE TEXT, RECOMANACIONS D&#8217;ESTIU I MATERIAL ESCOLAR\">Llegeix m\u00e9s\u00bb<\/a><\/p>\n","protected":false},"author":3,"featured_media":0,"comment_status":"closed","ping_status":"closed","sticky":false,"template":"","format":"standard","meta":{"_bbp_topic_count":0,"_bbp_reply_count":0,"_bbp_total_topic_count":0,"_bbp_total_reply_count":0,"_bbp_voice_count":0,"_bbp_anonymous_reply_count":0,"_bbp_topic_count_hidden":0,"_bbp_reply_count_hidden":0,"_bbp_forum_subforum_count":0,"footnotes":""},"categories":[1,28,4],"tags":[],"class_list":["post-4779","post","type-post","status-publish","format-standard","hentry","category-general","category-noticies-portada","category-portada"],"post_mailing_queue_ids":[],"_links":{"self":[{"href":"https:\/\/agora.xtec.cat\/ceipmarianao\/wp-json\/wp\/v2\/posts\/4779","targetHints":{"allow":["GET"]}}],"collection":[{"href":"https:\/\/agora.xtec.cat\/ceipmarianao\/wp-json\/wp\/v2\/posts"}],"about":[{"href":"https:\/\/agora.xtec.cat\/ceipmarianao\/wp-json\/wp\/v2\/types\/post"}],"author":[{"embeddable":true,"href":"https:\/\/agora.xtec.cat\/ceipmarianao\/wp-json\/wp\/v2\/users\/3"}],"replies":[{"embeddable":true,"href":"https:\/\/agora.xtec.cat\/ceipmarianao\/wp-json\/wp\/v2\/comments?post=4779"}],"version-history":[{"count":3,"href":"https:\/\/agora.xtec.cat\/ceipmarianao\/wp-json\/wp\/v2\/posts\/4779\/revisions"}],"predecessor-version":[{"id":4785,"href":"https:\/\/agora.xtec.cat\/ceipmarianao\/wp-json\/wp\/v2\/posts\/4779\/revisions\/4785"}],"wp:attachment":[{"href":"https:\/\/agora.xtec.cat\/ceipmarianao\/wp-json\/wp\/v2\/media?parent=4779"}],"wp:term":[{"taxonomy":"category","embeddable":true,"href":"https:\/\/agora.xtec.cat\/ceipmarianao\/wp-json\/wp\/v2\/categories?post=4779"},{"taxonomy":"post_tag","embeddable":true,"href":"https:\/\/agora.xtec.cat\/ceipmarianao\/wp-json\/wp\/v2\/tags?post=4779"}],"curies":[{"name":"wp","href":"https:\/\/api.w.org\/{rel}","templated":true}]}}