{"id":4770,"date":"2023-06-26T13:39:00","date_gmt":"2023-06-26T11:39:00","guid":{"rendered":"https:\/\/agora.xtec.cat\/ceipmarianao\/?p=4770"},"modified":"2023-06-30T11:30:16","modified_gmt":"2023-06-30T09:30:16","slug":"final-de-curs-2022-2023","status":"publish","type":"post","link":"https:\/\/agora.xtec.cat\/ceipmarianao\/general\/final-de-curs-2022-2023\/","title":{"rendered":"FINAL DE CURS 2022-2023"},"content":{"rendered":"<p style=\"text-align: justify;\">Hem tingut un final de curs d&#8217;all\u00f2 m\u00e9s emocionant:<\/p>\n<p style=\"text-align: justify;\">El dimecres 21 de juny, aprofitant la festa de l&#8217;AFA, vam realitzar, despr\u00e9s de 4 cursos sense poder-la fer, la t\u00f3mbola per a recaptar diners per a l&#8217;escola. Va ser tot un \u00e8xit i vam aconseguir el nostre propi r\u00e8cord recaptant 787\u20ac. Gr\u00e0cies, fam\u00edlies!<\/p>\n<p style=\"text-align: center;\"><a href=\"https:\/\/agora.xtec.cat\/ceipmarianao\/wp-content\/uploads\/usu17\/2023\/06\/e1cbb25e-b71c-4bff-a565-ada6a1c1ae46.jpg\"><img loading=\"lazy\" decoding=\"async\" class=\"aligncenter wp-image-4772\" src=\"https:\/\/agora.xtec.cat\/ceipmarianao\/wp-content\/uploads\/usu17\/2023\/06\/e1cbb25e-b71c-4bff-a565-ada6a1c1ae46-224x300.jpg\" alt=\"\" width=\"250\" height=\"335\" srcset=\"https:\/\/agora.xtec.cat\/ceipmarianao\/wp-content\/uploads\/usu17\/2023\/06\/e1cbb25e-b71c-4bff-a565-ada6a1c1ae46-224x300.jpg 224w, https:\/\/agora.xtec.cat\/ceipmarianao\/wp-content\/uploads\/usu17\/2023\/06\/e1cbb25e-b71c-4bff-a565-ada6a1c1ae46-766x1024.jpg 766w, https:\/\/agora.xtec.cat\/ceipmarianao\/wp-content\/uploads\/usu17\/2023\/06\/e1cbb25e-b71c-4bff-a565-ada6a1c1ae46-768x1027.jpg 768w, https:\/\/agora.xtec.cat\/ceipmarianao\/wp-content\/uploads\/usu17\/2023\/06\/e1cbb25e-b71c-4bff-a565-ada6a1c1ae46-1149x1536.jpg 1149w, https:\/\/agora.xtec.cat\/ceipmarianao\/wp-content\/uploads\/usu17\/2023\/06\/e1cbb25e-b71c-4bff-a565-ada6a1c1ae46.jpg 1532w\" sizes=\"auto, (max-width: 250px) 100vw, 250px\" \/><\/a><\/p>\n<p style=\"text-align: justify;\">El dijous 22 de juny, al mat\u00ed, vam gaudir de la nostra tradicional gimcana de medi ambient i, al vespre, vam celebrar el comiat dels nois i noies de 6\u00e8: Molta sort en aquesta nova etapa!!! I recordeu que l&#8217;\u00fanic impossible \u00e9s all\u00f2 que no intentes&#8230;<\/p>\n<p><a href=\"https:\/\/agora.xtec.cat\/ceipmarianao\/wp-content\/uploads\/usu17\/2023\/06\/f82de960-ed58-44be-a1b7-2e596f742cee.jpg\"><img loading=\"lazy\" decoding=\"async\" class=\" wp-image-4774 aligncenter\" src=\"https:\/\/agora.xtec.cat\/ceipmarianao\/wp-content\/uploads\/usu17\/2023\/06\/f82de960-ed58-44be-a1b7-2e596f742cee-300x226.jpg\" alt=\"\" width=\"307\" height=\"231\" srcset=\"https:\/\/agora.xtec.cat\/ceipmarianao\/wp-content\/uploads\/usu17\/2023\/06\/f82de960-ed58-44be-a1b7-2e596f742cee-300x226.jpg 300w, https:\/\/agora.xtec.cat\/ceipmarianao\/wp-content\/uploads\/usu17\/2023\/06\/f82de960-ed58-44be-a1b7-2e596f742cee-1024x771.jpg 1024w, https:\/\/agora.xtec.cat\/ceipmarianao\/wp-content\/uploads\/usu17\/2023\/06\/f82de960-ed58-44be-a1b7-2e596f742cee-768x578.jpg 768w, https:\/\/agora.xtec.cat\/ceipmarianao\/wp-content\/uploads\/usu17\/2023\/06\/f82de960-ed58-44be-a1b7-2e596f742cee-1536x1157.jpg 1536w, https:\/\/agora.xtec.cat\/ceipmarianao\/wp-content\/uploads\/usu17\/2023\/06\/f82de960-ed58-44be-a1b7-2e596f742cee-200x150.jpg 200w, https:\/\/agora.xtec.cat\/ceipmarianao\/wp-content\/uploads\/usu17\/2023\/06\/f82de960-ed58-44be-a1b7-2e596f742cee.jpg 2040w\" sizes=\"auto, (max-width: 307px) 100vw, 307px\" \/><\/a><\/p>\n<p style=\"text-align: center;\"><iframe loading=\"lazy\" src=\"\/\/www.youtube.com\/embed\/0q3edYn_lAY\" width=\"560\" height=\"314\" allowfullscreen=\"allowfullscreen\"><\/iframe><\/p>\n","protected":false},"excerpt":{"rendered":"<p>Hem tingut un final de curs d&#8217;all\u00f2 m\u00e9s emocionant:<br \/>\nEl dimecres 21 de juny, aprofitant la festa de l&#8217;AFA, vam realitzar, despr\u00e9s de 4 cursos sense poder-la fer, la t\u00f3mbola per a recaptar diners per a l&#8217;escola. Va ser tot un \u00e8xit i vam aconseguir el&hellip;  <a href=\"https:\/\/agora.xtec.cat\/ceipmarianao\/general\/final-de-curs-2022-2023\/\" title=\"Read FINAL DE CURS 2022-2023\">Llegeix m\u00e9s\u00bb<\/a><\/p>\n","protected":false},"author":3,"featured_media":0,"comment_status":"closed","ping_status":"closed","sticky":false,"template":"","format":"standard","meta":{"_bbp_topic_count":0,"_bbp_reply_count":0,"_bbp_total_topic_count":0,"_bbp_total_reply_count":0,"_bbp_voice_count":0,"_bbp_anonymous_reply_count":0,"_bbp_topic_count_hidden":0,"_bbp_reply_count_hidden":0,"_bbp_forum_subforum_count":0,"footnotes":""},"categories":[1,28,4],"tags":[],"class_list":["post-4770","post","type-post","status-publish","format-standard","hentry","category-general","category-noticies-portada","category-portada"],"post_mailing_queue_ids":[],"_links":{"self":[{"href":"https:\/\/agora.xtec.cat\/ceipmarianao\/wp-json\/wp\/v2\/posts\/4770","targetHints":{"allow":["GET"]}}],"collection":[{"href":"https:\/\/agora.xtec.cat\/ceipmarianao\/wp-json\/wp\/v2\/posts"}],"about":[{"href":"https:\/\/agora.xtec.cat\/ceipmarianao\/wp-json\/wp\/v2\/types\/post"}],"author":[{"embeddable":true,"href":"https:\/\/agora.xtec.cat\/ceipmarianao\/wp-json\/wp\/v2\/users\/3"}],"replies":[{"embeddable":true,"href":"https:\/\/agora.xtec.cat\/ceipmarianao\/wp-json\/wp\/v2\/comments?post=4770"}],"version-history":[{"count":3,"href":"https:\/\/agora.xtec.cat\/ceipmarianao\/wp-json\/wp\/v2\/posts\/4770\/revisions"}],"predecessor-version":[{"id":4786,"href":"https:\/\/agora.xtec.cat\/ceipmarianao\/wp-json\/wp\/v2\/posts\/4770\/revisions\/4786"}],"wp:attachment":[{"href":"https:\/\/agora.xtec.cat\/ceipmarianao\/wp-json\/wp\/v2\/media?parent=4770"}],"wp:term":[{"taxonomy":"category","embeddable":true,"href":"https:\/\/agora.xtec.cat\/ceipmarianao\/wp-json\/wp\/v2\/categories?post=4770"},{"taxonomy":"post_tag","embeddable":true,"href":"https:\/\/agora.xtec.cat\/ceipmarianao\/wp-json\/wp\/v2\/tags?post=4770"}],"curies":[{"name":"wp","href":"https:\/\/api.w.org\/{rel}","templated":true}]}}