{"id":4740,"date":"2023-05-23T16:54:54","date_gmt":"2023-05-23T14:54:54","guid":{"rendered":"https:\/\/agora.xtec.cat\/ceipmarianao\/?p=4740"},"modified":"2023-05-23T16:55:35","modified_gmt":"2023-05-23T14:55:35","slug":"mercat-cueme-cooperatitiva","status":"publish","type":"post","link":"https:\/\/agora.xtec.cat\/ceipmarianao\/general\/mercat-cueme-cooperatitiva\/","title":{"rendered":"MERCAT CuEmE COOPERATIT\u00cdVA"},"content":{"rendered":"<p style=\"text-align: justify;\">Avui, dimarts 23 de maig al mat\u00ed, ha tingut lloc la venda dels productes que ha elaborat la Cooperatit\u00edva (infants de 5\u00e8 de prim\u00e0ria). Ha estat tot un \u00e8xit, pr\u00e0cticament s&#8217;han venut tots els articles i, fins i tot, s&#8217;han agafat enc\u00e0rrecs d&#8217;aquells que s&#8217;han esgotat. Gr\u00e0cies a totes les fam\u00edlies del centre i als infants de 3r, 4t i 6\u00e8 de prim\u00e0ria per la vostra col\u00b7laboraci\u00f3.<\/p>\n<p><a href=\"https:\/\/agora.xtec.cat\/ceipmarianao\/wp-content\/uploads\/usu17\/2023\/05\/IMG-3430.jpg\"><img loading=\"lazy\" decoding=\"async\" class=\"aligncenter wp-image-4741\" src=\"https:\/\/agora.xtec.cat\/ceipmarianao\/wp-content\/uploads\/usu17\/2023\/05\/IMG-3430-300x225.jpg\" alt=\"\" width=\"415\" height=\"311\" srcset=\"https:\/\/agora.xtec.cat\/ceipmarianao\/wp-content\/uploads\/usu17\/2023\/05\/IMG-3430-300x225.jpg 300w, https:\/\/agora.xtec.cat\/ceipmarianao\/wp-content\/uploads\/usu17\/2023\/05\/IMG-3430-1024x768.jpg 1024w, https:\/\/agora.xtec.cat\/ceipmarianao\/wp-content\/uploads\/usu17\/2023\/05\/IMG-3430-768x576.jpg 768w, https:\/\/agora.xtec.cat\/ceipmarianao\/wp-content\/uploads\/usu17\/2023\/05\/IMG-3430-1536x1152.jpg 1536w, https:\/\/agora.xtec.cat\/ceipmarianao\/wp-content\/uploads\/usu17\/2023\/05\/IMG-3430-200x150.jpg 200w, https:\/\/agora.xtec.cat\/ceipmarianao\/wp-content\/uploads\/usu17\/2023\/05\/IMG-3430.jpg 2016w\" sizes=\"auto, (max-width: 415px) 100vw, 415px\" \/><\/a><\/p>\n","protected":false},"excerpt":{"rendered":"<p>Avui, dimarts 23 de maig al mat\u00ed, ha tingut lloc la venda dels productes que ha elaborat la Cooperatit\u00edva (infants de 5\u00e8 de prim\u00e0ria). Ha estat tot un \u00e8xit, pr\u00e0cticament s&#8217;han venut tots els articles i, fins i tot, s&#8217;han agafat enc\u00e0rrecs d&#8217;aquells que s&#8217;han&hellip;  <a href=\"https:\/\/agora.xtec.cat\/ceipmarianao\/general\/mercat-cueme-cooperatitiva\/\" title=\"Read MERCAT CuEmE COOPERATIT\u00cdVA\">Llegeix m\u00e9s\u00bb<\/a><\/p>\n","protected":false},"author":3,"featured_media":0,"comment_status":"closed","ping_status":"closed","sticky":false,"template":"","format":"standard","meta":{"_bbp_topic_count":0,"_bbp_reply_count":0,"_bbp_total_topic_count":0,"_bbp_total_reply_count":0,"_bbp_voice_count":0,"_bbp_anonymous_reply_count":0,"_bbp_topic_count_hidden":0,"_bbp_reply_count_hidden":0,"_bbp_forum_subforum_count":0,"footnotes":""},"categories":[1,28,4],"tags":[],"class_list":["post-4740","post","type-post","status-publish","format-standard","hentry","category-general","category-noticies-portada","category-portada"],"post_mailing_queue_ids":[],"_links":{"self":[{"href":"https:\/\/agora.xtec.cat\/ceipmarianao\/wp-json\/wp\/v2\/posts\/4740","targetHints":{"allow":["GET"]}}],"collection":[{"href":"https:\/\/agora.xtec.cat\/ceipmarianao\/wp-json\/wp\/v2\/posts"}],"about":[{"href":"https:\/\/agora.xtec.cat\/ceipmarianao\/wp-json\/wp\/v2\/types\/post"}],"author":[{"embeddable":true,"href":"https:\/\/agora.xtec.cat\/ceipmarianao\/wp-json\/wp\/v2\/users\/3"}],"replies":[{"embeddable":true,"href":"https:\/\/agora.xtec.cat\/ceipmarianao\/wp-json\/wp\/v2\/comments?post=4740"}],"version-history":[{"count":2,"href":"https:\/\/agora.xtec.cat\/ceipmarianao\/wp-json\/wp\/v2\/posts\/4740\/revisions"}],"predecessor-version":[{"id":4744,"href":"https:\/\/agora.xtec.cat\/ceipmarianao\/wp-json\/wp\/v2\/posts\/4740\/revisions\/4744"}],"wp:attachment":[{"href":"https:\/\/agora.xtec.cat\/ceipmarianao\/wp-json\/wp\/v2\/media?parent=4740"}],"wp:term":[{"taxonomy":"category","embeddable":true,"href":"https:\/\/agora.xtec.cat\/ceipmarianao\/wp-json\/wp\/v2\/categories?post=4740"},{"taxonomy":"post_tag","embeddable":true,"href":"https:\/\/agora.xtec.cat\/ceipmarianao\/wp-json\/wp\/v2\/tags?post=4740"}],"curies":[{"name":"wp","href":"https:\/\/api.w.org\/{rel}","templated":true}]}}