{"id":4735,"date":"2023-05-23T16:44:19","date_gmt":"2023-05-23T14:44:19","guid":{"rendered":"https:\/\/agora.xtec.cat\/ceipmarianao\/?p=4735"},"modified":"2023-05-23T16:44:19","modified_gmt":"2023-05-23T14:44:19","slug":"cloenda-sharing-to-learn","status":"publish","type":"post","link":"https:\/\/agora.xtec.cat\/ceipmarianao\/general\/cloenda-sharing-to-learn\/","title":{"rendered":"CLOENDA SHARING TO LEARN"},"content":{"rendered":"<p style=\"text-align: justify;\">Dijous 18 de maig va tenir lloc la cloenda del projecte d&#8217;aprenentatge servei <em>Sharing to learn: <\/em>alumnes de 1r de Batxillerat de l\u2019Institut Marianao han estat venint un cop a la setmana a fer d\u2019auxiliars de conversa dels infants d&#8217;I5 i de prim\u00e0ria. Ha suposat un enriquiment mutu, ja que \u00e9s un projecte on els m\u00e9s grans s\u2019emporten la satisfacci\u00f3 i l\u2019experi\u00e8ncia d\u2019ensenyar i els m\u00e9s petits gaudeixen de l\u2019aprenentatge entre iguals. Volem agrair a tots i totes les <em>Language Assistants <\/em>la seva dedicaci\u00f3 i temps. Gr\u00e0cies Ikram, Zaira, Carolina, Txell, Noelia, Marta i Unai!<em><br \/>\n<\/em><\/p>\n<p style=\"text-align: center;\"><a href=\"https:\/\/agora.xtec.cat\/ceipmarianao\/wp-content\/uploads\/usu17\/2023\/05\/IMG-3267.jpg\"><img loading=\"lazy\" decoding=\"async\" class=\"aligncenter  wp-image-4738\" src=\"https:\/\/agora.xtec.cat\/ceipmarianao\/wp-content\/uploads\/usu17\/2023\/05\/IMG-3267-300x225.jpg\" alt=\"\" width=\"415\" height=\"311\" srcset=\"https:\/\/agora.xtec.cat\/ceipmarianao\/wp-content\/uploads\/usu17\/2023\/05\/IMG-3267-300x225.jpg 300w, https:\/\/agora.xtec.cat\/ceipmarianao\/wp-content\/uploads\/usu17\/2023\/05\/IMG-3267-1024x768.jpg 1024w, https:\/\/agora.xtec.cat\/ceipmarianao\/wp-content\/uploads\/usu17\/2023\/05\/IMG-3267-768x576.jpg 768w, https:\/\/agora.xtec.cat\/ceipmarianao\/wp-content\/uploads\/usu17\/2023\/05\/IMG-3267-1536x1152.jpg 1536w, https:\/\/agora.xtec.cat\/ceipmarianao\/wp-content\/uploads\/usu17\/2023\/05\/IMG-3267-200x150.jpg 200w, https:\/\/agora.xtec.cat\/ceipmarianao\/wp-content\/uploads\/usu17\/2023\/05\/IMG-3267.jpg 2016w\" sizes=\"auto, (max-width: 415px) 100vw, 415px\" \/><\/a><\/p>\n","protected":false},"excerpt":{"rendered":"<p>Dijous 18 de maig va tenir lloc la cloenda del projecte d&#8217;aprenentatge servei Sharing to learn: alumnes de 1r de Batxillerat de l\u2019Institut Marianao han estat venint un cop a la setmana a fer d\u2019auxiliars de conversa dels infants d&#8217;I5 i de prim\u00e0ria. Ha suposat&hellip;  <a href=\"https:\/\/agora.xtec.cat\/ceipmarianao\/general\/cloenda-sharing-to-learn\/\" title=\"Read CLOENDA SHARING TO LEARN\">Llegeix m\u00e9s\u00bb<\/a><\/p>\n","protected":false},"author":3,"featured_media":0,"comment_status":"closed","ping_status":"closed","sticky":false,"template":"","format":"standard","meta":{"_bbp_topic_count":0,"_bbp_reply_count":0,"_bbp_total_topic_count":0,"_bbp_total_reply_count":0,"_bbp_voice_count":0,"_bbp_anonymous_reply_count":0,"_bbp_topic_count_hidden":0,"_bbp_reply_count_hidden":0,"_bbp_forum_subforum_count":0,"footnotes":""},"categories":[1,28,4],"tags":[],"class_list":["post-4735","post","type-post","status-publish","format-standard","hentry","category-general","category-noticies-portada","category-portada"],"post_mailing_queue_ids":[],"_links":{"self":[{"href":"https:\/\/agora.xtec.cat\/ceipmarianao\/wp-json\/wp\/v2\/posts\/4735","targetHints":{"allow":["GET"]}}],"collection":[{"href":"https:\/\/agora.xtec.cat\/ceipmarianao\/wp-json\/wp\/v2\/posts"}],"about":[{"href":"https:\/\/agora.xtec.cat\/ceipmarianao\/wp-json\/wp\/v2\/types\/post"}],"author":[{"embeddable":true,"href":"https:\/\/agora.xtec.cat\/ceipmarianao\/wp-json\/wp\/v2\/users\/3"}],"replies":[{"embeddable":true,"href":"https:\/\/agora.xtec.cat\/ceipmarianao\/wp-json\/wp\/v2\/comments?post=4735"}],"version-history":[{"count":2,"href":"https:\/\/agora.xtec.cat\/ceipmarianao\/wp-json\/wp\/v2\/posts\/4735\/revisions"}],"predecessor-version":[{"id":4739,"href":"https:\/\/agora.xtec.cat\/ceipmarianao\/wp-json\/wp\/v2\/posts\/4735\/revisions\/4739"}],"wp:attachment":[{"href":"https:\/\/agora.xtec.cat\/ceipmarianao\/wp-json\/wp\/v2\/media?parent=4735"}],"wp:term":[{"taxonomy":"category","embeddable":true,"href":"https:\/\/agora.xtec.cat\/ceipmarianao\/wp-json\/wp\/v2\/categories?post=4735"},{"taxonomy":"post_tag","embeddable":true,"href":"https:\/\/agora.xtec.cat\/ceipmarianao\/wp-json\/wp\/v2\/tags?post=4735"}],"curies":[{"name":"wp","href":"https:\/\/api.w.org\/{rel}","templated":true}]}}