{"id":4732,"date":"2023-05-23T16:31:36","date_gmt":"2023-05-23T14:31:36","guid":{"rendered":"https:\/\/agora.xtec.cat\/ceipmarianao\/?p=4732"},"modified":"2023-05-23T16:35:23","modified_gmt":"2023-05-23T14:35:23","slug":"xxxvi-jocs-florals","status":"publish","type":"post","link":"https:\/\/agora.xtec.cat\/ceipmarianao\/general\/xxxvi-jocs-florals\/","title":{"rendered":"XXXVI JOCS FLORALS"},"content":{"rendered":"<p style=\"text-align: justify;\">Dijous 11 de maig, a la tarda, va tenir lloc l&#8217;Acte de Barri dels Jocs Florals. Volem felicitar a tots i totes les participants, ja que ho van fer genial i van fer unes produccions maqu\u00edssimes. A m\u00e9s a m\u00e9s, alguns d&#8217;ells i d&#8217;elles van guanyar el primer premi, la Flor Natural, i tindran l&#8217;oportunitat de participar a l&#8217;Acte Final, dimecres 31 de maig a la tarda, conjuntament amb altres nens i nenes de la resta d&#8217;escoles de Sant Boi. Sou incre\u00efbles!<\/p>\n<p style=\"text-align: center;\"><a href=\"https:\/\/agora.xtec.cat\/ceipmarianao\/wp-content\/uploads\/usu17\/2023\/05\/IMG-3142-scaled.jpg\"><img loading=\"lazy\" decoding=\"async\" class=\"aligncenter wp-image-4733\" src=\"https:\/\/agora.xtec.cat\/ceipmarianao\/wp-content\/uploads\/usu17\/2023\/05\/IMG-3142-300x225.jpg\" alt=\"\" width=\"467\" height=\"350\" srcset=\"https:\/\/agora.xtec.cat\/ceipmarianao\/wp-content\/uploads\/usu17\/2023\/05\/IMG-3142-300x225.jpg 300w, https:\/\/agora.xtec.cat\/ceipmarianao\/wp-content\/uploads\/usu17\/2023\/05\/IMG-3142-1024x768.jpg 1024w, https:\/\/agora.xtec.cat\/ceipmarianao\/wp-content\/uploads\/usu17\/2023\/05\/IMG-3142-768x576.jpg 768w, https:\/\/agora.xtec.cat\/ceipmarianao\/wp-content\/uploads\/usu17\/2023\/05\/IMG-3142-1536x1152.jpg 1536w, https:\/\/agora.xtec.cat\/ceipmarianao\/wp-content\/uploads\/usu17\/2023\/05\/IMG-3142-2048x1536.jpg 2048w, https:\/\/agora.xtec.cat\/ceipmarianao\/wp-content\/uploads\/usu17\/2023\/05\/IMG-3142-200x150.jpg 200w\" sizes=\"auto, (max-width: 467px) 100vw, 467px\" \/><\/a><\/p>\n","protected":false},"excerpt":{"rendered":"<p>Dijous 11 de maig, a la tarda, va tenir lloc l&#8217;Acte de Barri dels Jocs Florals. Volem felicitar a tots i totes les participants, ja que ho van fer genial i van fer unes produccions maqu\u00edssimes. A m\u00e9s a m\u00e9s, alguns d&#8217;ells i d&#8217;elles van&hellip;  <a href=\"https:\/\/agora.xtec.cat\/ceipmarianao\/general\/xxxvi-jocs-florals\/\" title=\"Read XXXVI JOCS FLORALS\">Llegeix m\u00e9s\u00bb<\/a><\/p>\n","protected":false},"author":3,"featured_media":0,"comment_status":"closed","ping_status":"closed","sticky":false,"template":"","format":"standard","meta":{"_bbp_topic_count":0,"_bbp_reply_count":0,"_bbp_total_topic_count":0,"_bbp_total_reply_count":0,"_bbp_voice_count":0,"_bbp_anonymous_reply_count":0,"_bbp_topic_count_hidden":0,"_bbp_reply_count_hidden":0,"_bbp_forum_subforum_count":0,"footnotes":""},"categories":[1,28,4],"tags":[],"class_list":["post-4732","post","type-post","status-publish","format-standard","hentry","category-general","category-noticies-portada","category-portada"],"post_mailing_queue_ids":[],"_links":{"self":[{"href":"https:\/\/agora.xtec.cat\/ceipmarianao\/wp-json\/wp\/v2\/posts\/4732","targetHints":{"allow":["GET"]}}],"collection":[{"href":"https:\/\/agora.xtec.cat\/ceipmarianao\/wp-json\/wp\/v2\/posts"}],"about":[{"href":"https:\/\/agora.xtec.cat\/ceipmarianao\/wp-json\/wp\/v2\/types\/post"}],"author":[{"embeddable":true,"href":"https:\/\/agora.xtec.cat\/ceipmarianao\/wp-json\/wp\/v2\/users\/3"}],"replies":[{"embeddable":true,"href":"https:\/\/agora.xtec.cat\/ceipmarianao\/wp-json\/wp\/v2\/comments?post=4732"}],"version-history":[{"count":2,"href":"https:\/\/agora.xtec.cat\/ceipmarianao\/wp-json\/wp\/v2\/posts\/4732\/revisions"}],"predecessor-version":[{"id":4737,"href":"https:\/\/agora.xtec.cat\/ceipmarianao\/wp-json\/wp\/v2\/posts\/4732\/revisions\/4737"}],"wp:attachment":[{"href":"https:\/\/agora.xtec.cat\/ceipmarianao\/wp-json\/wp\/v2\/media?parent=4732"}],"wp:term":[{"taxonomy":"category","embeddable":true,"href":"https:\/\/agora.xtec.cat\/ceipmarianao\/wp-json\/wp\/v2\/categories?post=4732"},{"taxonomy":"post_tag","embeddable":true,"href":"https:\/\/agora.xtec.cat\/ceipmarianao\/wp-json\/wp\/v2\/tags?post=4732"}],"curies":[{"name":"wp","href":"https:\/\/api.w.org\/{rel}","templated":true}]}}