{"id":4640,"date":"2023-03-20T13:18:50","date_gmt":"2023-03-20T12:18:50","guid":{"rendered":"https:\/\/agora.xtec.cat\/ceipmarianao\/?p=4640"},"modified":"2023-03-21T13:29:24","modified_gmt":"2023-03-21T12:29:24","slug":"fira-marianets-i-marianetes-pel-mon","status":"publish","type":"post","link":"https:\/\/agora.xtec.cat\/ceipmarianao\/general\/fira-marianets-i-marianetes-pel-mon\/","title":{"rendered":"FIRA MARIANETS I MARIANETES PEL M\u00d3N"},"content":{"rendered":"<p style=\"text-align: justify;\">Divendres 24 de febrer vam celebrar a l&#8217;escola la fira dels Marianets i Marianetes pel m\u00f3n a demanda del Marianet. Tots els infants van recopilar informaci\u00f3 del pa\u00eds, ciutat o comunitat que d\u00f3na nom a la seva classe i van preparar una paradeta amb objectes, imatges i menjar t\u00edpics. Els nens i nenes de prim\u00e0ria, a m\u00e9s, ens van explicar molt\u00edssimes coses que ens van deixar bocabadats i bocabadades! Va ser un mat\u00ed molt enriquidor i tots i totes s&#8217;ho van passar d&#8217;all\u00f2 m\u00e9s b\u00e9!!!<\/p>\n<p style=\"text-align: justify;\">Mireu, mireu&#8230;<\/p>\n<p><a href=\"https:\/\/sites.google.com\/xtec.cat\/escola-marianao\/p%C3%A0gina-principal\"><img loading=\"lazy\" decoding=\"async\" class=\"aligncenter  wp-image-4652\" src=\"https:\/\/agora.xtec.cat\/ceipmarianao\/wp-content\/uploads\/usu17\/2023\/03\/Sense-titol-300x132.png\" alt=\"\" width=\"722\" height=\"318\" srcset=\"https:\/\/agora.xtec.cat\/ceipmarianao\/wp-content\/uploads\/usu17\/2023\/03\/Sense-titol-300x132.png 300w, https:\/\/agora.xtec.cat\/ceipmarianao\/wp-content\/uploads\/usu17\/2023\/03\/Sense-titol-768x338.png 768w, https:\/\/agora.xtec.cat\/ceipmarianao\/wp-content\/uploads\/usu17\/2023\/03\/Sense-titol.png 956w\" sizes=\"auto, (max-width: 722px) 100vw, 722px\" \/><\/a><\/p>\n<p style=\"text-align: center;\">\n","protected":false},"excerpt":{"rendered":"<p>Divendres 24 de febrer vam celebrar a l&#8217;escola la fira dels Marianets i Marianetes pel m\u00f3n a demanda del Marianet. Tots els infants van recopilar informaci\u00f3 del pa\u00eds, ciutat o comunitat que d\u00f3na nom a la seva classe i van preparar una paradeta amb objectes,&hellip;  <a href=\"https:\/\/agora.xtec.cat\/ceipmarianao\/general\/fira-marianets-i-marianetes-pel-mon\/\" title=\"Read FIRA MARIANETS I MARIANETES PEL M\u00d3N\">Llegeix m\u00e9s\u00bb<\/a><\/p>\n","protected":false},"author":1,"featured_media":0,"comment_status":"closed","ping_status":"closed","sticky":false,"template":"","format":"standard","meta":{"_bbp_topic_count":0,"_bbp_reply_count":0,"_bbp_total_topic_count":0,"_bbp_total_reply_count":0,"_bbp_voice_count":0,"_bbp_anonymous_reply_count":0,"_bbp_topic_count_hidden":0,"_bbp_reply_count_hidden":0,"_bbp_forum_subforum_count":0,"footnotes":""},"categories":[1,28,4],"tags":[],"class_list":["post-4640","post","type-post","status-publish","format-standard","hentry","category-general","category-noticies-portada","category-portada"],"post_mailing_queue_ids":[],"_links":{"self":[{"href":"https:\/\/agora.xtec.cat\/ceipmarianao\/wp-json\/wp\/v2\/posts\/4640","targetHints":{"allow":["GET"]}}],"collection":[{"href":"https:\/\/agora.xtec.cat\/ceipmarianao\/wp-json\/wp\/v2\/posts"}],"about":[{"href":"https:\/\/agora.xtec.cat\/ceipmarianao\/wp-json\/wp\/v2\/types\/post"}],"author":[{"embeddable":true,"href":"https:\/\/agora.xtec.cat\/ceipmarianao\/wp-json\/wp\/v2\/users\/1"}],"replies":[{"embeddable":true,"href":"https:\/\/agora.xtec.cat\/ceipmarianao\/wp-json\/wp\/v2\/comments?post=4640"}],"version-history":[{"count":3,"href":"https:\/\/agora.xtec.cat\/ceipmarianao\/wp-json\/wp\/v2\/posts\/4640\/revisions"}],"predecessor-version":[{"id":4653,"href":"https:\/\/agora.xtec.cat\/ceipmarianao\/wp-json\/wp\/v2\/posts\/4640\/revisions\/4653"}],"wp:attachment":[{"href":"https:\/\/agora.xtec.cat\/ceipmarianao\/wp-json\/wp\/v2\/media?parent=4640"}],"wp:term":[{"taxonomy":"category","embeddable":true,"href":"https:\/\/agora.xtec.cat\/ceipmarianao\/wp-json\/wp\/v2\/categories?post=4640"},{"taxonomy":"post_tag","embeddable":true,"href":"https:\/\/agora.xtec.cat\/ceipmarianao\/wp-json\/wp\/v2\/tags?post=4640"}],"curies":[{"name":"wp","href":"https:\/\/api.w.org\/{rel}","templated":true}]}}