{"id":4637,"date":"2023-03-21T13:12:51","date_gmt":"2023-03-21T12:12:51","guid":{"rendered":"https:\/\/agora.xtec.cat\/ceipmarianao\/?p=4637"},"modified":"2023-03-21T13:12:51","modified_gmt":"2023-03-21T12:12:51","slug":"8-de-marc-dia-de-la-dona","status":"publish","type":"post","link":"https:\/\/agora.xtec.cat\/ceipmarianao\/general\/8-de-marc-dia-de-la-dona\/","title":{"rendered":"8 DE MAR\u00c7: DIA DE LA DONA"},"content":{"rendered":"<p style=\"text-align: justify;\">Des de l\u2019escola, i sumant-nos a una proposta del Centre de Recursos Pedag\u00f2gics (CRP) de Sant Boi, hem volgut celebrar el dia 8 de mar\u00e7, dia de la dona, treballant &#8220;La diversitat corporal i la pressi\u00f3 est\u00e8tica en les nenes i les dones&#8221;. El nostre objectiu era visibilitzar i acceptar la diversitat de cossos i posar el nostre granet de sorra en relaci\u00f3 a la pressi\u00f3 est\u00e8tica, la sexualitzaci\u00f3 i els c\u00e0nons establerts.<\/p>\n<p style=\"text-align: justify;\">Els infants de tots els grups de l\u2019escola van fer un collage (individualment o col\u00b7lectiva) creant un cos de dona a partir de retalls de diferents cossos, mostrant varietat de caracter\u00edstiques de la corporalitat en relaci\u00f3 a la mida, les capacitats, el color, l&#8217;edat,&#8230;<\/p>\n<p style=\"text-align: justify;\">Un cop fetes les diferents produccions, se n\u2019han seleccionat algunes mostres per a una exposici\u00f3 al Can Castellet Centre d&#8217;Art de Sant Boi.<\/p>\n<p style=\"text-align: center;\"><a href=\"https:\/\/agora.xtec.cat\/ceipmarianao\/wp-content\/uploads\/usu17\/2023\/03\/8M.jpg\"><img loading=\"lazy\" decoding=\"async\" class=\"alignnone size-large wp-image-4638\" src=\"https:\/\/agora.xtec.cat\/ceipmarianao\/wp-content\/uploads\/usu17\/2023\/03\/8M-576x1024.jpg\" alt=\"\" width=\"576\" height=\"1024\" srcset=\"https:\/\/agora.xtec.cat\/ceipmarianao\/wp-content\/uploads\/usu17\/2023\/03\/8M-576x1024.jpg 576w, https:\/\/agora.xtec.cat\/ceipmarianao\/wp-content\/uploads\/usu17\/2023\/03\/8M-169x300.jpg 169w, https:\/\/agora.xtec.cat\/ceipmarianao\/wp-content\/uploads\/usu17\/2023\/03\/8M-768x1365.jpg 768w, https:\/\/agora.xtec.cat\/ceipmarianao\/wp-content\/uploads\/usu17\/2023\/03\/8M-864x1536.jpg 864w, https:\/\/agora.xtec.cat\/ceipmarianao\/wp-content\/uploads\/usu17\/2023\/03\/8M.jpg 1080w\" sizes=\"auto, (max-width: 576px) 100vw, 576px\" \/><\/a><\/p>\n","protected":false},"excerpt":{"rendered":"<p>Des de l\u2019escola, i sumant-nos a una proposta del Centre de Recursos Pedag\u00f2gics (CRP) de Sant Boi, hem volgut celebrar el dia 8 de mar\u00e7, dia de la dona, treballant &#8220;La diversitat corporal i la pressi\u00f3 est\u00e8tica en les nenes i les dones&#8221;. El nostre&hellip;  <a href=\"https:\/\/agora.xtec.cat\/ceipmarianao\/general\/8-de-marc-dia-de-la-dona\/\" title=\"Read 8 DE MAR\u00c7: DIA DE LA DONA\">Llegeix m\u00e9s\u00bb<\/a><\/p>\n","protected":false},"author":1,"featured_media":0,"comment_status":"closed","ping_status":"closed","sticky":false,"template":"","format":"standard","meta":{"_bbp_topic_count":0,"_bbp_reply_count":0,"_bbp_total_topic_count":0,"_bbp_total_reply_count":0,"_bbp_voice_count":0,"_bbp_anonymous_reply_count":0,"_bbp_topic_count_hidden":0,"_bbp_reply_count_hidden":0,"_bbp_forum_subforum_count":0,"footnotes":""},"categories":[1,28,4],"tags":[],"class_list":["post-4637","post","type-post","status-publish","format-standard","hentry","category-general","category-noticies-portada","category-portada"],"post_mailing_queue_ids":[],"_links":{"self":[{"href":"https:\/\/agora.xtec.cat\/ceipmarianao\/wp-json\/wp\/v2\/posts\/4637","targetHints":{"allow":["GET"]}}],"collection":[{"href":"https:\/\/agora.xtec.cat\/ceipmarianao\/wp-json\/wp\/v2\/posts"}],"about":[{"href":"https:\/\/agora.xtec.cat\/ceipmarianao\/wp-json\/wp\/v2\/types\/post"}],"author":[{"embeddable":true,"href":"https:\/\/agora.xtec.cat\/ceipmarianao\/wp-json\/wp\/v2\/users\/1"}],"replies":[{"embeddable":true,"href":"https:\/\/agora.xtec.cat\/ceipmarianao\/wp-json\/wp\/v2\/comments?post=4637"}],"version-history":[{"count":3,"href":"https:\/\/agora.xtec.cat\/ceipmarianao\/wp-json\/wp\/v2\/posts\/4637\/revisions"}],"predecessor-version":[{"id":4648,"href":"https:\/\/agora.xtec.cat\/ceipmarianao\/wp-json\/wp\/v2\/posts\/4637\/revisions\/4648"}],"wp:attachment":[{"href":"https:\/\/agora.xtec.cat\/ceipmarianao\/wp-json\/wp\/v2\/media?parent=4637"}],"wp:term":[{"taxonomy":"category","embeddable":true,"href":"https:\/\/agora.xtec.cat\/ceipmarianao\/wp-json\/wp\/v2\/categories?post=4637"},{"taxonomy":"post_tag","embeddable":true,"href":"https:\/\/agora.xtec.cat\/ceipmarianao\/wp-json\/wp\/v2\/tags?post=4637"}],"curies":[{"name":"wp","href":"https:\/\/api.w.org\/{rel}","templated":true}]}}