{"id":4486,"date":"2023-01-31T17:06:02","date_gmt":"2023-01-31T16:06:02","guid":{"rendered":"https:\/\/agora.xtec.cat\/ceipmarianao\/?p=4486"},"modified":"2023-03-31T17:09:07","modified_gmt":"2023-03-31T15:09:07","slug":"jornada-de-portes-obertes-i-preinscripcio-curs-2023-2024","status":"publish","type":"post","link":"https:\/\/agora.xtec.cat\/ceipmarianao\/general\/jornada-de-portes-obertes-i-preinscripcio-curs-2023-2024\/","title":{"rendered":"JORNADA DE PORTES OBERTES I PREINSCRIPCI\u00d3 CURS 2023-2024"},"content":{"rendered":"<p>CLIQUEU A LA INFORMACI\u00d3 SUBRATLLADA PER A ACCEDIR ALS ENLLA\u00c7OS.<\/p>\n<p style=\"text-align: center;\"><a href=\"https:\/\/drive.google.com\/file\/d\/1ZYRx_BbBFyM3LNKVlPklZyA2CC2acXCF\/view?usp=sharing\"><img loading=\"lazy\" decoding=\"async\" class=\"aligncenter wp-image-4613\" src=\"https:\/\/agora.xtec.cat\/ceipmarianao\/wp-content\/uploads\/usu17\/2023\/01\/Infografia-Portes-obertes-23-24-3-300x225.jpg\" alt=\"\" width=\"700\" height=\"525\" srcset=\"https:\/\/agora.xtec.cat\/ceipmarianao\/wp-content\/uploads\/usu17\/2023\/01\/Infografia-Portes-obertes-23-24-3-300x225.jpg 300w, https:\/\/agora.xtec.cat\/ceipmarianao\/wp-content\/uploads\/usu17\/2023\/01\/Infografia-Portes-obertes-23-24-3-768x576.jpg 768w, https:\/\/agora.xtec.cat\/ceipmarianao\/wp-content\/uploads\/usu17\/2023\/01\/Infografia-Portes-obertes-23-24-3-200x150.jpg 200w, https:\/\/agora.xtec.cat\/ceipmarianao\/wp-content\/uploads\/usu17\/2023\/01\/Infografia-Portes-obertes-23-24-3.jpg 1024w\" sizes=\"auto, (max-width: 700px) 100vw, 700px\" \/><\/a><\/p>\n","protected":false},"excerpt":{"rendered":"<p>CLIQUEU A LA INFORMACI\u00d3 SUBRATLLADA PER A ACCEDIR ALS ENLLA\u00c7OS.<br \/>\n<a href=\"https:\/\/drive.google.com\/file\/d\/1ZYRx_BbBFyM3LNKVlPklZyA2CC2acXCF\/view?usp=sharing\"><\/a><\/p>\n","protected":false},"author":3,"featured_media":0,"comment_status":"closed","ping_status":"closed","sticky":false,"template":"","format":"standard","meta":{"_bbp_topic_count":0,"_bbp_reply_count":0,"_bbp_total_topic_count":0,"_bbp_total_reply_count":0,"_bbp_voice_count":0,"_bbp_anonymous_reply_count":0,"_bbp_topic_count_hidden":0,"_bbp_reply_count_hidden":0,"_bbp_forum_subforum_count":0,"footnotes":""},"categories":[1,28,4],"tags":[],"class_list":["post-4486","post","type-post","status-publish","format-standard","hentry","category-general","category-noticies-portada","category-portada"],"post_mailing_queue_ids":[],"_links":{"self":[{"href":"https:\/\/agora.xtec.cat\/ceipmarianao\/wp-json\/wp\/v2\/posts\/4486","targetHints":{"allow":["GET"]}}],"collection":[{"href":"https:\/\/agora.xtec.cat\/ceipmarianao\/wp-json\/wp\/v2\/posts"}],"about":[{"href":"https:\/\/agora.xtec.cat\/ceipmarianao\/wp-json\/wp\/v2\/types\/post"}],"author":[{"embeddable":true,"href":"https:\/\/agora.xtec.cat\/ceipmarianao\/wp-json\/wp\/v2\/users\/3"}],"replies":[{"embeddable":true,"href":"https:\/\/agora.xtec.cat\/ceipmarianao\/wp-json\/wp\/v2\/comments?post=4486"}],"version-history":[{"count":4,"href":"https:\/\/agora.xtec.cat\/ceipmarianao\/wp-json\/wp\/v2\/posts\/4486\/revisions"}],"predecessor-version":[{"id":4614,"href":"https:\/\/agora.xtec.cat\/ceipmarianao\/wp-json\/wp\/v2\/posts\/4486\/revisions\/4614"}],"wp:attachment":[{"href":"https:\/\/agora.xtec.cat\/ceipmarianao\/wp-json\/wp\/v2\/media?parent=4486"}],"wp:term":[{"taxonomy":"category","embeddable":true,"href":"https:\/\/agora.xtec.cat\/ceipmarianao\/wp-json\/wp\/v2\/categories?post=4486"},{"taxonomy":"post_tag","embeddable":true,"href":"https:\/\/agora.xtec.cat\/ceipmarianao\/wp-json\/wp\/v2\/tags?post=4486"}],"curies":[{"name":"wp","href":"https:\/\/api.w.org\/{rel}","templated":true}]}}