{"id":4421,"date":"2022-11-23T16:52:20","date_gmt":"2022-11-23T15:52:20","guid":{"rendered":"https:\/\/agora.xtec.cat\/ceipmarianao\/?p=4421"},"modified":"2022-12-09T16:53:43","modified_gmt":"2022-12-09T15:53:43","slug":"diada-de-la-musica","status":"publish","type":"post","link":"https:\/\/agora.xtec.cat\/ceipmarianao\/general\/diada-de-la-musica\/","title":{"rendered":"DIADA DE LA M\u00daSICA"},"content":{"rendered":"<p style=\"text-align: justify;\">Dimarts 22 de novembre l\u2019alumnat de l\u2019escola va celebrar la diada de Santa Cec\u00edlia, patrona dels m\u00fasics, amb una activitat participativa i inclusiva a c\u00e0rrec de dos musicoterapeutes qualificats. En diferents moments de la jornada, per nivells, els nens i nenes de l\u2019escola van realitzar tallers de percussi\u00f3 corporal adaptats a cada grup d\u2019edat i, a la tarda, ens vam trobar tots a la pista gran per posar en com\u00fa tot el que s\u2019havia practicat i gaudir fent m\u00fasica plegats.<\/p>\n<p style=\"text-align: center;\"><iframe loading=\"lazy\" src=\"\/\/www.youtube.com\/embed\/xeTKvVkO-j0\" width=\"560\" height=\"314\" allowfullscreen=\"allowfullscreen\"><\/iframe><\/p>\n<p style=\"text-align: center;\">\n","protected":false},"excerpt":{"rendered":"<p>Dimarts 22 de novembre l\u2019alumnat de l\u2019escola va celebrar la diada de Santa Cec\u00edlia, patrona dels m\u00fasics, amb una activitat participativa i inclusiva a c\u00e0rrec de dos musicoterapeutes qualificats. En diferents moments de la jornada, per nivells, els nens i nenes de l\u2019escola van realitzar&hellip;  <a href=\"https:\/\/agora.xtec.cat\/ceipmarianao\/general\/diada-de-la-musica\/\" title=\"Read DIADA DE LA M\u00daSICA\">Llegeix m\u00e9s\u00bb<\/a><\/p>\n","protected":false},"author":1,"featured_media":4440,"comment_status":"closed","ping_status":"closed","sticky":false,"template":"","format":"standard","meta":{"_bbp_topic_count":0,"_bbp_reply_count":0,"_bbp_total_topic_count":0,"_bbp_total_reply_count":0,"_bbp_voice_count":0,"_bbp_anonymous_reply_count":0,"_bbp_topic_count_hidden":0,"_bbp_reply_count_hidden":0,"_bbp_forum_subforum_count":0,"footnotes":""},"categories":[1,28,4],"tags":[],"class_list":["post-4421","post","type-post","status-publish","format-standard","has-post-thumbnail","hentry","category-general","category-noticies-portada","category-portada"],"post_mailing_queue_ids":[],"_links":{"self":[{"href":"https:\/\/agora.xtec.cat\/ceipmarianao\/wp-json\/wp\/v2\/posts\/4421","targetHints":{"allow":["GET"]}}],"collection":[{"href":"https:\/\/agora.xtec.cat\/ceipmarianao\/wp-json\/wp\/v2\/posts"}],"about":[{"href":"https:\/\/agora.xtec.cat\/ceipmarianao\/wp-json\/wp\/v2\/types\/post"}],"author":[{"embeddable":true,"href":"https:\/\/agora.xtec.cat\/ceipmarianao\/wp-json\/wp\/v2\/users\/1"}],"replies":[{"embeddable":true,"href":"https:\/\/agora.xtec.cat\/ceipmarianao\/wp-json\/wp\/v2\/comments?post=4421"}],"version-history":[{"count":2,"href":"https:\/\/agora.xtec.cat\/ceipmarianao\/wp-json\/wp\/v2\/posts\/4421\/revisions"}],"predecessor-version":[{"id":4441,"href":"https:\/\/agora.xtec.cat\/ceipmarianao\/wp-json\/wp\/v2\/posts\/4421\/revisions\/4441"}],"wp:featuredmedia":[{"embeddable":true,"href":"https:\/\/agora.xtec.cat\/ceipmarianao\/wp-json\/wp\/v2\/media\/4440"}],"wp:attachment":[{"href":"https:\/\/agora.xtec.cat\/ceipmarianao\/wp-json\/wp\/v2\/media?parent=4421"}],"wp:term":[{"taxonomy":"category","embeddable":true,"href":"https:\/\/agora.xtec.cat\/ceipmarianao\/wp-json\/wp\/v2\/categories?post=4421"},{"taxonomy":"post_tag","embeddable":true,"href":"https:\/\/agora.xtec.cat\/ceipmarianao\/wp-json\/wp\/v2\/tags?post=4421"}],"curies":[{"name":"wp","href":"https:\/\/api.w.org\/{rel}","templated":true}]}}