{"id":4366,"date":"2022-09-05T16:47:30","date_gmt":"2022-09-05T14:47:30","guid":{"rendered":"https:\/\/agora.xtec.cat\/ceipmarianao\/?p=4366"},"modified":"2022-09-06T10:07:38","modified_gmt":"2022-09-06T08:07:38","slug":"comunicat-inici-de-curs-2022-2023","status":"publish","type":"post","link":"https:\/\/agora.xtec.cat\/ceipmarianao\/general\/comunicat-inici-de-curs-2022-2023\/","title":{"rendered":"COMUNICAT INICI DE CURS 2022-2023"},"content":{"rendered":"<p style=\"text-align: justify;\">Si cliqueu a la imatge podreu accedir al document d&#8217;inici de curs. Hi trobareu tota la informaci\u00f3 d&#8217;inter\u00e8s perqu\u00e8 tot vagi sobre rodes. Som-hi!<\/p>\n<p><a href=\"https:\/\/drive.google.com\/file\/d\/1fVVX4pzftE35aYiNmdV_2f7gjvLiu2Ui\/view?usp=sharing\"><img loading=\"lazy\" decoding=\"async\" class=\"aligncenter wp-image-4367\" src=\"https:\/\/agora.xtec.cat\/ceipmarianao\/wp-content\/uploads\/usu17\/2022\/09\/0b914530fa8f52a2e9cfc60fc1dced00-223x300.jpg\" alt=\"\" width=\"399\" height=\"537\" srcset=\"https:\/\/agora.xtec.cat\/ceipmarianao\/wp-content\/uploads\/usu17\/2022\/09\/0b914530fa8f52a2e9cfc60fc1dced00-223x300.jpg 223w, https:\/\/agora.xtec.cat\/ceipmarianao\/wp-content\/uploads\/usu17\/2022\/09\/0b914530fa8f52a2e9cfc60fc1dced00.jpg 236w\" sizes=\"auto, (max-width: 399px) 100vw, 399px\" \/><\/a><\/p>\n","protected":false},"excerpt":{"rendered":"<p>Si cliqueu a la imatge podreu accedir al document d&#8217;inici de curs. Hi trobareu tota la informaci\u00f3 d&#8217;inter\u00e8s perqu\u00e8 tot vagi sobre rodes. Som-hi!<br \/>\n<a href=\"https:\/\/drive.google.com\/file\/d\/1fVVX4pzftE35aYiNmdV_2f7gjvLiu2Ui\/view?usp=sharing\"><\/a><\/p>\n","protected":false},"author":3,"featured_media":0,"comment_status":"closed","ping_status":"closed","sticky":false,"template":"","format":"standard","meta":{"_bbp_topic_count":0,"_bbp_reply_count":0,"_bbp_total_topic_count":0,"_bbp_total_reply_count":0,"_bbp_voice_count":0,"_bbp_anonymous_reply_count":0,"_bbp_topic_count_hidden":0,"_bbp_reply_count_hidden":0,"_bbp_forum_subforum_count":0,"footnotes":""},"categories":[1,28,4],"tags":[],"class_list":["post-4366","post","type-post","status-publish","format-standard","hentry","category-general","category-noticies-portada","category-portada"],"post_mailing_queue_ids":[],"_links":{"self":[{"href":"https:\/\/agora.xtec.cat\/ceipmarianao\/wp-json\/wp\/v2\/posts\/4366","targetHints":{"allow":["GET"]}}],"collection":[{"href":"https:\/\/agora.xtec.cat\/ceipmarianao\/wp-json\/wp\/v2\/posts"}],"about":[{"href":"https:\/\/agora.xtec.cat\/ceipmarianao\/wp-json\/wp\/v2\/types\/post"}],"author":[{"embeddable":true,"href":"https:\/\/agora.xtec.cat\/ceipmarianao\/wp-json\/wp\/v2\/users\/3"}],"replies":[{"embeddable":true,"href":"https:\/\/agora.xtec.cat\/ceipmarianao\/wp-json\/wp\/v2\/comments?post=4366"}],"version-history":[{"count":3,"href":"https:\/\/agora.xtec.cat\/ceipmarianao\/wp-json\/wp\/v2\/posts\/4366\/revisions"}],"predecessor-version":[{"id":4372,"href":"https:\/\/agora.xtec.cat\/ceipmarianao\/wp-json\/wp\/v2\/posts\/4366\/revisions\/4372"}],"wp:attachment":[{"href":"https:\/\/agora.xtec.cat\/ceipmarianao\/wp-json\/wp\/v2\/media?parent=4366"}],"wp:term":[{"taxonomy":"category","embeddable":true,"href":"https:\/\/agora.xtec.cat\/ceipmarianao\/wp-json\/wp\/v2\/categories?post=4366"},{"taxonomy":"post_tag","embeddable":true,"href":"https:\/\/agora.xtec.cat\/ceipmarianao\/wp-json\/wp\/v2\/tags?post=4366"}],"curies":[{"name":"wp","href":"https:\/\/api.w.org\/{rel}","templated":true}]}}