{"id":4358,"date":"2022-09-02T12:41:12","date_gmt":"2022-09-02T10:41:12","guid":{"rendered":"https:\/\/agora.xtec.cat\/ceipmarianao\/?p=4358"},"modified":"2022-09-03T18:08:41","modified_gmt":"2022-09-03T16:08:41","slug":"inici-de-curs-2022-2023","status":"publish","type":"post","link":"https:\/\/agora.xtec.cat\/ceipmarianao\/general\/inici-de-curs-2022-2023\/","title":{"rendered":"INICI DE CURS 2022-2023"},"content":{"rendered":"<p style=\"text-align: justify;\">Esperem que l&#8217;estiu hagi anat b\u00e9 i que els i les nostres peques tinguin moltes ganes de comen\u00e7ar el nou curs, nosaltres s\u00ed que en tenim!<\/p>\n<p style=\"text-align: justify;\">Us recordem informaci\u00f3 molt important referent a l&#8217;inici de curs:<\/p>\n<ul style=\"text-align: justify;\">\n<li>Dilluns 5 de setembre comen\u00e7ar\u00e0 el nou curs escolar 2022-2023.<\/li>\n<li>L&#8217;horari lectiu ser\u00e0: de 9:00h a 12:30h i de 15:00h a 16:30h (al setembre de 9:00h a 13:00h).<\/li>\n<li>Els infants de P3, la primera setmana, faran una adaptaci\u00f3 progressiva al centre.<\/li>\n<li>Les fam\u00edlies que vulgueu fer \u00fas del servei de menjador des del primer dia (de 13:00h a 15:30 h al setembre i de 12:30h a 15:00h a partir de l\u2019octubre) haureu de comunicar-ho al tutor o tutora corresponent mitjan\u00e7ant una nota escrita i s\u2019haur\u00e0 d\u2019haver fet la inscripci\u00f3 al servei a trav\u00e9s del web de: <a href=\"https:\/\/elmenudelpetit.es\/\">El Men\u00fa del Petit<\/a>.<\/li>\n<li>Les fam\u00edlies que vulgueu fer \u00fas de l&#8217;hora de lleure educatiu durant el setembre, de 15:30h a 16:30h, haureu de lliurar al tutor o tutora les autoritzacions corresponents el primer dia -si no les podeu imprimir les haureu de passar a recollir per secretaria dilluns, a partir de les 9:10h, per a emplenar-les i lliurar-les (<a href=\"https:\/\/drive.google.com\/file\/d\/19VP_169GXDN88rqAvQJCBmZhM55_CzMc\/view?usp=sharing\">autoritzaci\u00f3 per a fer-ne \u00fas<\/a> i <a href=\"https:\/\/drive.google.com\/file\/d\/1W-fk8pv-LNOxP8BuBO8tgSfwfhp5Zleq\/view?usp=sharing\">autoritzaci\u00f3 de persones diferents al pare o la mare per a la recollida<\/a>).<\/li>\n<li>Els i les alumnes d&#8217;Educaci\u00f3 Infantil accediran a l&#8217;escola per les portes situades al Passeig de les Mimoses. Als nens i nenes que comencen P4 i P5 els estaran esperant les tutores del curs passat. Si tenen germans o germanes a Prim\u00e0ria hi podran accedir i sortir (<a href=\"https:\/\/drive.google.com\/file\/d\/1PUKmQ8FsAJynN23_Dsi3sXq60mHy61x-\/view?usp=sharing\">pr\u00e8via autoritzaci\u00f3<\/a>) per aquesta porta a partir de dimarts 6 de setembre. En aquest cas, l&#8217;escola no es fa responsable de controlar que els familiars els estigueu esperant .<\/li>\n<li>L&#8217;alumnat d&#8217;Educaci\u00f3 Prim\u00e0ria accedir\u00e0 al centre per la porta del carrer Xiprers. Dilluns 5, al mat\u00ed, els infants que cursaran 1r entraran per la porta d\u2019Infantil (els estar\u00e0 esperant la tutora del curs passat per a acompanyar-los a la nova aula). A partir de dilluns 5 al migdia els infants de 1r ja sortiran per la porta de Prim\u00e0ria.<\/li>\n<li>Els infants nous hauran de venir a secretaria o direcci\u00f3 i els acompanyarem a les seves aules.<\/li>\n<li>Durant els primers dies s&#8217;hauran de portar els llibres de text a una bossa de pl\u00e0stic marcada amb el nom i cognoms del nen o nena (Prim\u00e0ria).<\/li>\n<\/ul>\n<p>Material inici de curs:<\/p>\n<p style=\"text-align: center;\"><a href=\"https:\/\/drive.google.com\/file\/d\/13h_8mZ89XrTm-29wsbj-lHxL31Ckft--\/view?usp=sharing\">Material I3<\/a>\u00a0\u00a0\u00a0\u00a0\u00a0\u00a0\u00a0\u00a0\u00a0 <a href=\"https:\/\/drive.google.com\/file\/d\/1hoMcbbGkaGngW0bnMgsrAgRueQmRs_5Y\/view?usp=sharing\">Material I4 i I5<\/a>\u00a0\u00a0\u00a0\u00a0\u00a0\u00a0\u00a0\u00a0\u00a0 <a href=\"https:\/\/drive.google.com\/file\/d\/1iu3CvGfgXf5Vr4xd8yhfrHAYd_reQbJm\/view?usp=sharing\">Material Prim\u00e0ria<\/a><\/p>\n<p style=\"text-align: justify;\">La setmana vinent us farem arribar una circular amb aspectes d&#8217;inter\u00e8s per a l&#8217;organitzaci\u00f3 i el funcionament del centre i un plec d&#8217;autoritzacions.<\/p>\n<p style=\"text-align: justify;\">Us desitgem un bon inici de curs 2022-2023!<\/p>\n<p style=\"text-align: justify;\"><a href=\"https:\/\/agora.xtec.cat\/ceipmarianao\/wp-content\/uploads\/usu17\/2022\/09\/inici-18-19-web.jpg\"><img loading=\"lazy\" decoding=\"async\" class=\"aligncenter wp-image-4359\" src=\"https:\/\/agora.xtec.cat\/ceipmarianao\/wp-content\/uploads\/usu17\/2022\/09\/inici-18-19-web-300x213.jpg\" alt=\"\" width=\"463\" height=\"329\" srcset=\"https:\/\/agora.xtec.cat\/ceipmarianao\/wp-content\/uploads\/usu17\/2022\/09\/inici-18-19-web-300x213.jpg 300w, https:\/\/agora.xtec.cat\/ceipmarianao\/wp-content\/uploads\/usu17\/2022\/09\/inici-18-19-web.jpg 404w\" sizes=\"auto, (max-width: 463px) 100vw, 463px\" \/><\/a><\/p>\n","protected":false},"excerpt":{"rendered":"<p>Esperem que l&#8217;estiu hagi anat b\u00e9 i que els i les nostres peques tinguin moltes ganes de comen\u00e7ar el nou curs, nosaltres s\u00ed que en tenim!<br \/>\nUs recordem informaci\u00f3 molt important referent a l&#8217;inici de curs:<\/p>\n<ul style=\"text-align: justify;\">\n<li>Dilluns 5 de setembre comen\u00e7ar\u00e0 el nou curs escolar&hellip;  <a href=\"https:\/\/agora.xtec.cat\/ceipmarianao\/general\/inici-de-curs-2022-2023\/\" title=\"Read INICI DE CURS 2022-2023\">Llegeix m\u00e9s\u00bb<\/a><br \/>\n","protected":false},"author":3,"featured_media":0,"comment_status":"closed","ping_status":"closed","sticky":false,"template":"","format":"standard","meta":{"_bbp_topic_count":0,"_bbp_reply_count":0,"_bbp_total_topic_count":0,"_bbp_total_reply_count":0,"_bbp_voice_count":0,"_bbp_anonymous_reply_count":0,"_bbp_topic_count_hidden":0,"_bbp_reply_count_hidden":0,"_bbp_forum_subforum_count":0,"footnotes":""},"categories":[1,28,4],"tags":[],"class_list":["post-4358","post","type-post","status-publish","format-standard","hentry","category-general","category-noticies-portada","category-portada"],"post_mailing_queue_ids":[],"_links":{"self":[{"href":"https:\/\/agora.xtec.cat\/ceipmarianao\/wp-json\/wp\/v2\/posts\/4358","targetHints":{"allow":["GET"]}}],"collection":[{"href":"https:\/\/agora.xtec.cat\/ceipmarianao\/wp-json\/wp\/v2\/posts"}],"about":[{"href":"https:\/\/agora.xtec.cat\/ceipmarianao\/wp-json\/wp\/v2\/types\/post"}],"author":[{"embeddable":true,"href":"https:\/\/agora.xtec.cat\/ceipmarianao\/wp-json\/wp\/v2\/users\/3"}],"replies":[{"embeddable":true,"href":"https:\/\/agora.xtec.cat\/ceipmarianao\/wp-json\/wp\/v2\/comments?post=4358"}],"version-history":[{"count":3,"href":"https:\/\/agora.xtec.cat\/ceipmarianao\/wp-json\/wp\/v2\/posts\/4358\/revisions"}],"predecessor-version":[{"id":4365,"href":"https:\/\/agora.xtec.cat\/ceipmarianao\/wp-json\/wp\/v2\/posts\/4358\/revisions\/4365"}],"wp:attachment":[{"href":"https:\/\/agora.xtec.cat\/ceipmarianao\/wp-json\/wp\/v2\/media?parent=4358"}],"wp:term":[{"taxonomy":"category","embeddable":true,"href":"https:\/\/agora.xtec.cat\/ceipmarianao\/wp-json\/wp\/v2\/categories?post=4358"},{"taxonomy":"post_tag","embeddable":true,"href":"https:\/\/agora.xtec.cat\/ceipmarianao\/wp-json\/wp\/v2\/tags?post=4358"}],"curies":[{"name":"wp","href":"https:\/\/api.w.org\/{rel}","templated":true}]}}