{"id":4238,"date":"2022-06-29T12:59:30","date_gmt":"2022-06-29T10:59:30","guid":{"rendered":"https:\/\/agora.xtec.cat\/ceipmarianao\/?p=4238"},"modified":"2022-06-29T12:59:40","modified_gmt":"2022-06-29T10:59:40","slug":"xiii-gimcana-del-medi-ambient","status":"publish","type":"post","link":"https:\/\/agora.xtec.cat\/ceipmarianao\/general\/xiii-gimcana-del-medi-ambient\/","title":{"rendered":"XIII GIMCANA DEL MEDI AMBIENT"},"content":{"rendered":"<p style=\"text-align: justify;\">Dimecres 22 de juny, com ja \u00e9s costum, els infants van gaudir de la XIII gimcana de medi ambient.<\/p>\n<p style=\"text-align: justify;\">Petits i grans van superar tota una s\u00e8rie de proves i s\u2019ho van passar d\u2019all\u00f2 m\u00e9s b\u00e9. En acabar, es van refrescar amb un gelat i, com a premi, es van endur una xapa commemorativa.<\/p>\n<p style=\"text-align: justify;\">No hi podia haver millor manera d\u2019acabar el curs!<\/p>\n<p style=\"text-align: center;\"><iframe loading=\"lazy\" src=\"\/\/www.youtube.com\/embed\/yTysSTeXuLI\" width=\"560\" height=\"314\" allowfullscreen=\"allowfullscreen\"><\/iframe><\/p>\n<p style=\"text-align: center;\">\n","protected":false},"excerpt":{"rendered":"<p>Dimecres 22 de juny, com ja \u00e9s costum, els infants van gaudir de la XIII gimcana de medi ambient.<br \/>\nPetits i grans van superar tota una s\u00e8rie de proves i s\u2019ho van passar d\u2019all\u00f2 m\u00e9s b\u00e9. En acabar, es van refrescar amb un gelat i, com&hellip;  <a href=\"https:\/\/agora.xtec.cat\/ceipmarianao\/general\/xiii-gimcana-del-medi-ambient\/\" title=\"Read XIII GIMCANA DEL MEDI AMBIENT\">Llegeix m\u00e9s\u00bb<\/a><\/p>\n","protected":false},"author":1,"featured_media":4247,"comment_status":"closed","ping_status":"closed","sticky":false,"template":"","format":"standard","meta":{"_bbp_topic_count":0,"_bbp_reply_count":0,"_bbp_total_topic_count":0,"_bbp_total_reply_count":0,"_bbp_voice_count":0,"_bbp_anonymous_reply_count":0,"_bbp_topic_count_hidden":0,"_bbp_reply_count_hidden":0,"_bbp_forum_subforum_count":0,"footnotes":""},"categories":[1,28,4],"tags":[],"class_list":["post-4238","post","type-post","status-publish","format-standard","has-post-thumbnail","hentry","category-general","category-noticies-portada","category-portada"],"post_mailing_queue_ids":[],"_links":{"self":[{"href":"https:\/\/agora.xtec.cat\/ceipmarianao\/wp-json\/wp\/v2\/posts\/4238","targetHints":{"allow":["GET"]}}],"collection":[{"href":"https:\/\/agora.xtec.cat\/ceipmarianao\/wp-json\/wp\/v2\/posts"}],"about":[{"href":"https:\/\/agora.xtec.cat\/ceipmarianao\/wp-json\/wp\/v2\/types\/post"}],"author":[{"embeddable":true,"href":"https:\/\/agora.xtec.cat\/ceipmarianao\/wp-json\/wp\/v2\/users\/1"}],"replies":[{"embeddable":true,"href":"https:\/\/agora.xtec.cat\/ceipmarianao\/wp-json\/wp\/v2\/comments?post=4238"}],"version-history":[{"count":3,"href":"https:\/\/agora.xtec.cat\/ceipmarianao\/wp-json\/wp\/v2\/posts\/4238\/revisions"}],"predecessor-version":[{"id":4248,"href":"https:\/\/agora.xtec.cat\/ceipmarianao\/wp-json\/wp\/v2\/posts\/4238\/revisions\/4248"}],"wp:featuredmedia":[{"embeddable":true,"href":"https:\/\/agora.xtec.cat\/ceipmarianao\/wp-json\/wp\/v2\/media\/4247"}],"wp:attachment":[{"href":"https:\/\/agora.xtec.cat\/ceipmarianao\/wp-json\/wp\/v2\/media?parent=4238"}],"wp:term":[{"taxonomy":"category","embeddable":true,"href":"https:\/\/agora.xtec.cat\/ceipmarianao\/wp-json\/wp\/v2\/categories?post=4238"},{"taxonomy":"post_tag","embeddable":true,"href":"https:\/\/agora.xtec.cat\/ceipmarianao\/wp-json\/wp\/v2\/tags?post=4238"}],"curies":[{"name":"wp","href":"https:\/\/api.w.org\/{rel}","templated":true}]}}