{"id":4236,"date":"2022-06-29T11:12:42","date_gmt":"2022-06-29T09:12:42","guid":{"rendered":"https:\/\/agora.xtec.cat\/ceipmarianao\/?p=4236"},"modified":"2022-06-29T11:15:11","modified_gmt":"2022-06-29T09:15:11","slug":"festa-de-lafa-21-22","status":"publish","type":"post","link":"https:\/\/agora.xtec.cat\/ceipmarianao\/general\/festa-de-lafa-21-22\/","title":{"rendered":"FESTA DE L&#8217;AFA 21-22"},"content":{"rendered":"<p style=\"text-align: justify;\">Dimarts 21 de juny els infants van gaudir de la seva festa de fi de curs en horari lectiu. Va ser un dia ple d&#8217;emocions, de diversi\u00f3 i de sorpreses: van gaudir d\u2019un inflable d\u2019aigua, d\u2019un taller de xapes i de la festa de l\u2019escuma.<\/p>\n<p style=\"text-align: justify;\">La festa va ser possible gr\u00e0cies a la implicaci\u00f3 de la gent de l&#8217;AFA, de tot l&#8217;equip docent i de la direcci\u00f3 del centre. Els infants van gaudir d&#8217;un dia ben diferent i molt especial!<\/p>\n<p style=\"text-align: center;\"><iframe loading=\"lazy\" src=\"\/\/www.youtube.com\/embed\/iM02vh9mqeg\" width=\"560\" height=\"314\" allowfullscreen=\"allowfullscreen\"><\/iframe><\/p>\n","protected":false},"excerpt":{"rendered":"<p>Dimarts 21 de juny els infants van gaudir de la seva festa de fi de curs en horari lectiu. Va ser un dia ple d&#8217;emocions, de diversi\u00f3 i de sorpreses: van gaudir d\u2019un inflable d\u2019aigua, d\u2019un taller de xapes i de la festa de l\u2019escuma.<br \/>\nLa&hellip;  <a href=\"https:\/\/agora.xtec.cat\/ceipmarianao\/general\/festa-de-lafa-21-22\/\" title=\"Read FESTA DE L&#8217;AFA 21-22\">Llegeix m\u00e9s\u00bb<\/a><\/p>\n","protected":false},"author":1,"featured_media":4240,"comment_status":"closed","ping_status":"closed","sticky":false,"template":"","format":"standard","meta":{"_bbp_topic_count":0,"_bbp_reply_count":0,"_bbp_total_topic_count":0,"_bbp_total_reply_count":0,"_bbp_voice_count":0,"_bbp_anonymous_reply_count":0,"_bbp_topic_count_hidden":0,"_bbp_reply_count_hidden":0,"_bbp_forum_subforum_count":0,"footnotes":""},"categories":[1,28,4],"tags":[],"class_list":["post-4236","post","type-post","status-publish","format-standard","has-post-thumbnail","hentry","category-general","category-noticies-portada","category-portada"],"post_mailing_queue_ids":[],"_links":{"self":[{"href":"https:\/\/agora.xtec.cat\/ceipmarianao\/wp-json\/wp\/v2\/posts\/4236","targetHints":{"allow":["GET"]}}],"collection":[{"href":"https:\/\/agora.xtec.cat\/ceipmarianao\/wp-json\/wp\/v2\/posts"}],"about":[{"href":"https:\/\/agora.xtec.cat\/ceipmarianao\/wp-json\/wp\/v2\/types\/post"}],"author":[{"embeddable":true,"href":"https:\/\/agora.xtec.cat\/ceipmarianao\/wp-json\/wp\/v2\/users\/1"}],"replies":[{"embeddable":true,"href":"https:\/\/agora.xtec.cat\/ceipmarianao\/wp-json\/wp\/v2\/comments?post=4236"}],"version-history":[{"count":4,"href":"https:\/\/agora.xtec.cat\/ceipmarianao\/wp-json\/wp\/v2\/posts\/4236\/revisions"}],"predecessor-version":[{"id":4243,"href":"https:\/\/agora.xtec.cat\/ceipmarianao\/wp-json\/wp\/v2\/posts\/4236\/revisions\/4243"}],"wp:featuredmedia":[{"embeddable":true,"href":"https:\/\/agora.xtec.cat\/ceipmarianao\/wp-json\/wp\/v2\/media\/4240"}],"wp:attachment":[{"href":"https:\/\/agora.xtec.cat\/ceipmarianao\/wp-json\/wp\/v2\/media?parent=4236"}],"wp:term":[{"taxonomy":"category","embeddable":true,"href":"https:\/\/agora.xtec.cat\/ceipmarianao\/wp-json\/wp\/v2\/categories?post=4236"},{"taxonomy":"post_tag","embeddable":true,"href":"https:\/\/agora.xtec.cat\/ceipmarianao\/wp-json\/wp\/v2\/tags?post=4236"}],"curies":[{"name":"wp","href":"https:\/\/api.w.org\/{rel}","templated":true}]}}