{"id":4185,"date":"2022-05-13T10:56:09","date_gmt":"2022-05-13T08:56:09","guid":{"rendered":"https:\/\/agora.xtec.cat\/ceipmarianao\/?p=4185"},"modified":"2022-05-13T10:56:09","modified_gmt":"2022-05-13T08:56:09","slug":"dia-de-linfant-hospitalitzat","status":"publish","type":"post","link":"https:\/\/agora.xtec.cat\/ceipmarianao\/general\/dia-de-linfant-hospitalitzat\/","title":{"rendered":"DIA DE L&#8217;INFANT HOSPITALITZAT"},"content":{"rendered":"<p style=\"text-align: justify;\">Avui, divendres 13 de maig, \u00e9s el dia de l&#8217;infant hospitalitzat. Des de l&#8217;escola hem volgut enviar un missatge d&#8217;\u00e0nims i de for\u00e7a als nens i nenes ingressats al Parc Sanitari de Sant Joan de D\u00e9u de Sant Boi perqu\u00e8 es recuperin aviat i perqu\u00e8 s\u00e0piguen que els donem suport.<\/p>\n<p style=\"text-align: center;\"><iframe loading=\"lazy\" src=\"\/\/www.youtube.com\/embed\/-K-MDclqrBw\" width=\"560\" height=\"314\" allowfullscreen=\"allowfullscreen\"><\/iframe><\/p>\n","protected":false},"excerpt":{"rendered":"<p>Avui, divendres 13 de maig, \u00e9s el dia de l&#8217;infant hospitalitzat. Des de l&#8217;escola hem volgut enviar un missatge d&#8217;\u00e0nims i de for\u00e7a als nens i nenes ingressats al Parc Sanitari de Sant Joan de D\u00e9u de Sant Boi perqu\u00e8 es recuperin aviat i perqu\u00e8&hellip;  <a href=\"https:\/\/agora.xtec.cat\/ceipmarianao\/general\/dia-de-linfant-hospitalitzat\/\" title=\"Read DIA DE L&#8217;INFANT HOSPITALITZAT\">Llegeix m\u00e9s\u00bb<\/a><\/p>\n","protected":false},"author":3,"featured_media":4186,"comment_status":"closed","ping_status":"closed","sticky":false,"template":"","format":"standard","meta":{"_bbp_topic_count":0,"_bbp_reply_count":0,"_bbp_total_topic_count":0,"_bbp_total_reply_count":0,"_bbp_voice_count":0,"_bbp_anonymous_reply_count":0,"_bbp_topic_count_hidden":0,"_bbp_reply_count_hidden":0,"_bbp_forum_subforum_count":0,"footnotes":""},"categories":[1,28,4],"tags":[],"class_list":["post-4185","post","type-post","status-publish","format-standard","has-post-thumbnail","hentry","category-general","category-noticies-portada","category-portada"],"post_mailing_queue_ids":[],"_links":{"self":[{"href":"https:\/\/agora.xtec.cat\/ceipmarianao\/wp-json\/wp\/v2\/posts\/4185","targetHints":{"allow":["GET"]}}],"collection":[{"href":"https:\/\/agora.xtec.cat\/ceipmarianao\/wp-json\/wp\/v2\/posts"}],"about":[{"href":"https:\/\/agora.xtec.cat\/ceipmarianao\/wp-json\/wp\/v2\/types\/post"}],"author":[{"embeddable":true,"href":"https:\/\/agora.xtec.cat\/ceipmarianao\/wp-json\/wp\/v2\/users\/3"}],"replies":[{"embeddable":true,"href":"https:\/\/agora.xtec.cat\/ceipmarianao\/wp-json\/wp\/v2\/comments?post=4185"}],"version-history":[{"count":1,"href":"https:\/\/agora.xtec.cat\/ceipmarianao\/wp-json\/wp\/v2\/posts\/4185\/revisions"}],"predecessor-version":[{"id":4187,"href":"https:\/\/agora.xtec.cat\/ceipmarianao\/wp-json\/wp\/v2\/posts\/4185\/revisions\/4187"}],"wp:featuredmedia":[{"embeddable":true,"href":"https:\/\/agora.xtec.cat\/ceipmarianao\/wp-json\/wp\/v2\/media\/4186"}],"wp:attachment":[{"href":"https:\/\/agora.xtec.cat\/ceipmarianao\/wp-json\/wp\/v2\/media?parent=4185"}],"wp:term":[{"taxonomy":"category","embeddable":true,"href":"https:\/\/agora.xtec.cat\/ceipmarianao\/wp-json\/wp\/v2\/categories?post=4185"},{"taxonomy":"post_tag","embeddable":true,"href":"https:\/\/agora.xtec.cat\/ceipmarianao\/wp-json\/wp\/v2\/tags?post=4185"}],"curies":[{"name":"wp","href":"https:\/\/api.w.org\/{rel}","templated":true}]}}