{"id":4170,"date":"2022-05-11T15:53:33","date_gmt":"2022-05-11T13:53:33","guid":{"rendered":"https:\/\/agora.xtec.cat\/ceipmarianao\/?p=4170"},"modified":"2022-05-11T15:53:33","modified_gmt":"2022-05-11T13:53:33","slug":"mercat-cueme","status":"publish","type":"post","link":"https:\/\/agora.xtec.cat\/ceipmarianao\/general\/mercat-cueme\/","title":{"rendered":"MERCAT CuEmE"},"content":{"rendered":"<p style=\"text-align: justify;\">Els infants del grup-classe de 5\u00e8 estan participant, conjuntament a altres dues escoles de Sant Boi, al projecte &#8220;Cultura Emprenedora a l&#8217;Escola&#8221; (CuEmE): projecte per al foment de les compet\u00e8ncies i els valors de l&#8217;emprenedoria a trav\u00e9s de la creaci\u00f3 i la gesti\u00f3 d&#8217;una cooperativa a l&#8217;escola. Aquesta iniciativa \u00e9s promoguda per la Diputaci\u00f3 de Barcelona i hi col\u00b7labora l&#8217;Ajuntament de Sant Boi.<\/p>\n<p style=\"text-align: justify;\">Fruit d&#8217;aquest treball els nens i nenes han elaborat uns productes que vendran el proper dimarts, 17 de maig, de 10h a 12h, aproximadament, a la Pla\u00e7a de la Rep\u00fablica, davant del Mercat de la Muntanyeta.<\/p>\n<p style=\"text-align: justify;\">Per a fer-los costat i per a premiar tota la feina feta, des de l&#8217;Escola hem decidit animar a totes les fam\u00edlies a assistir-hi per a contribuir amb la compra de productes. Els diners que es recaptaran es destinaran part a cobrir l&#8217;aportaci\u00f3 inicial de capital, part a una activitat que triaran els propis nens i nenes i part com a donatiu a una ONG.<\/p>\n<p style=\"text-align: justify;\">A m\u00e9s a m\u00e9s, hem pensat que els i les alumnes de 3r, 4t i 6\u00e8 de prim\u00e0ria els facin una visita perqu\u00e8, si volen, puguin comprar algun dels productes elaborats de primera m\u00e0, per la qual cosa seria interessant que aquest dia poguessin portar diners -el preu dels productes oscil\u00b7lar\u00e0 entre 1 \u20ac i\u00a0 5 \u20ac-.<\/p>\n<p style=\"text-align: center;\"><a href=\"https:\/\/agora.xtec.cat\/ceipmarianao\/wp-content\/uploads\/usu17\/2022\/05\/Cooperativa-team-shenron.jpg\"><img loading=\"lazy\" decoding=\"async\" class=\"aligncenter  wp-image-4174\" src=\"https:\/\/agora.xtec.cat\/ceipmarianao\/wp-content\/uploads\/usu17\/2022\/05\/Cooperativa-team-shenron-300x205.jpg\" alt=\"\" width=\"400\" height=\"273\" srcset=\"https:\/\/agora.xtec.cat\/ceipmarianao\/wp-content\/uploads\/usu17\/2022\/05\/Cooperativa-team-shenron-300x205.jpg 300w, https:\/\/agora.xtec.cat\/ceipmarianao\/wp-content\/uploads\/usu17\/2022\/05\/Cooperativa-team-shenron-1024x699.jpg 1024w, https:\/\/agora.xtec.cat\/ceipmarianao\/wp-content\/uploads\/usu17\/2022\/05\/Cooperativa-team-shenron-768x524.jpg 768w, https:\/\/agora.xtec.cat\/ceipmarianao\/wp-content\/uploads\/usu17\/2022\/05\/Cooperativa-team-shenron-1536x1048.jpg 1536w, https:\/\/agora.xtec.cat\/ceipmarianao\/wp-content\/uploads\/usu17\/2022\/05\/Cooperativa-team-shenron.jpg 2000w\" sizes=\"auto, (max-width: 400px) 100vw, 400px\" \/><\/a> <a href=\"https:\/\/agora.xtec.cat\/ceipmarianao\/wp-content\/uploads\/usu17\/2022\/05\/Preus-team-shenron.jpg\"><img loading=\"lazy\" decoding=\"async\" class=\"aligncenter  wp-image-4175\" src=\"https:\/\/agora.xtec.cat\/ceipmarianao\/wp-content\/uploads\/usu17\/2022\/05\/Preus-team-shenron-300x212.jpg\" alt=\"\" width=\"400\" height=\"283\" srcset=\"https:\/\/agora.xtec.cat\/ceipmarianao\/wp-content\/uploads\/usu17\/2022\/05\/Preus-team-shenron-300x212.jpg 300w, https:\/\/agora.xtec.cat\/ceipmarianao\/wp-content\/uploads\/usu17\/2022\/05\/Preus-team-shenron-1024x724.jpg 1024w, https:\/\/agora.xtec.cat\/ceipmarianao\/wp-content\/uploads\/usu17\/2022\/05\/Preus-team-shenron-768x543.jpg 768w, https:\/\/agora.xtec.cat\/ceipmarianao\/wp-content\/uploads\/usu17\/2022\/05\/Preus-team-shenron-1536x1086.jpg 1536w, https:\/\/agora.xtec.cat\/ceipmarianao\/wp-content\/uploads\/usu17\/2022\/05\/Preus-team-shenron.jpg 2000w\" sizes=\"auto, (max-width: 400px) 100vw, 400px\" \/><\/a><\/p>\n<p>&nbsp;<\/p>\n","protected":false},"excerpt":{"rendered":"<p>Els infants del grup-classe de 5\u00e8 estan participant, conjuntament a altres dues escoles de Sant Boi, al projecte &#8220;Cultura Emprenedora a l&#8217;Escola&#8221; (CuEmE): projecte per al foment de les compet\u00e8ncies i els valors de l&#8217;emprenedoria a trav\u00e9s de la creaci\u00f3 i la gesti\u00f3 d&#8217;una cooperativa&hellip;  <a href=\"https:\/\/agora.xtec.cat\/ceipmarianao\/general\/mercat-cueme\/\" title=\"Read MERCAT CuEmE\">Llegeix m\u00e9s\u00bb<\/a><\/p>\n","protected":false},"author":3,"featured_media":0,"comment_status":"closed","ping_status":"closed","sticky":false,"template":"","format":"standard","meta":{"_bbp_topic_count":0,"_bbp_reply_count":0,"_bbp_total_topic_count":0,"_bbp_total_reply_count":0,"_bbp_voice_count":0,"_bbp_anonymous_reply_count":0,"_bbp_topic_count_hidden":0,"_bbp_reply_count_hidden":0,"_bbp_forum_subforum_count":0,"footnotes":""},"categories":[1,28,4],"tags":[],"class_list":["post-4170","post","type-post","status-publish","format-standard","hentry","category-general","category-noticies-portada","category-portada"],"post_mailing_queue_ids":[],"_links":{"self":[{"href":"https:\/\/agora.xtec.cat\/ceipmarianao\/wp-json\/wp\/v2\/posts\/4170","targetHints":{"allow":["GET"]}}],"collection":[{"href":"https:\/\/agora.xtec.cat\/ceipmarianao\/wp-json\/wp\/v2\/posts"}],"about":[{"href":"https:\/\/agora.xtec.cat\/ceipmarianao\/wp-json\/wp\/v2\/types\/post"}],"author":[{"embeddable":true,"href":"https:\/\/agora.xtec.cat\/ceipmarianao\/wp-json\/wp\/v2\/users\/3"}],"replies":[{"embeddable":true,"href":"https:\/\/agora.xtec.cat\/ceipmarianao\/wp-json\/wp\/v2\/comments?post=4170"}],"version-history":[{"count":3,"href":"https:\/\/agora.xtec.cat\/ceipmarianao\/wp-json\/wp\/v2\/posts\/4170\/revisions"}],"predecessor-version":[{"id":4176,"href":"https:\/\/agora.xtec.cat\/ceipmarianao\/wp-json\/wp\/v2\/posts\/4170\/revisions\/4176"}],"wp:attachment":[{"href":"https:\/\/agora.xtec.cat\/ceipmarianao\/wp-json\/wp\/v2\/media?parent=4170"}],"wp:term":[{"taxonomy":"category","embeddable":true,"href":"https:\/\/agora.xtec.cat\/ceipmarianao\/wp-json\/wp\/v2\/categories?post=4170"},{"taxonomy":"post_tag","embeddable":true,"href":"https:\/\/agora.xtec.cat\/ceipmarianao\/wp-json\/wp\/v2\/tags?post=4170"}],"curies":[{"name":"wp","href":"https:\/\/api.w.org\/{rel}","templated":true}]}}