{"id":4162,"date":"2022-05-11T12:27:31","date_gmt":"2022-05-11T10:27:31","guid":{"rendered":"https:\/\/agora.xtec.cat\/ceipmarianao\/?p=4162"},"modified":"2022-05-16T12:20:11","modified_gmt":"2022-05-16T10:20:11","slug":"colonies-2022","status":"publish","type":"post","link":"https:\/\/agora.xtec.cat\/ceipmarianao\/general\/colonies-2022\/","title":{"rendered":"COL\u00d2NIES 2022"},"content":{"rendered":"<p>Els infants de 2n, 4t i 6\u00e8 ja fa estona que han arribat a <em>La Granja<\/em>, a Santa Maria de Palautordera. De ben segur que els esperen mil i una aventures&#8230;<\/p>\n<p style=\"text-align: center;\"><a href=\"https:\/\/agora.xtec.cat\/ceipmarianao\/wp-content\/uploads\/usu17\/2022\/05\/IMG-20220511-WA0027.jpg\"><img loading=\"lazy\" decoding=\"async\" class=\"alignnone wp-image-4164\" src=\"https:\/\/agora.xtec.cat\/ceipmarianao\/wp-content\/uploads\/usu17\/2022\/05\/IMG-20220511-WA0027-1024x768.jpg\" alt=\"\" width=\"214\" height=\"160\" srcset=\"https:\/\/agora.xtec.cat\/ceipmarianao\/wp-content\/uploads\/usu17\/2022\/05\/IMG-20220511-WA0027-1024x768.jpg 1024w, https:\/\/agora.xtec.cat\/ceipmarianao\/wp-content\/uploads\/usu17\/2022\/05\/IMG-20220511-WA0027-300x225.jpg 300w, https:\/\/agora.xtec.cat\/ceipmarianao\/wp-content\/uploads\/usu17\/2022\/05\/IMG-20220511-WA0027-768x576.jpg 768w, https:\/\/agora.xtec.cat\/ceipmarianao\/wp-content\/uploads\/usu17\/2022\/05\/IMG-20220511-WA0027-1536x1153.jpg 1536w, https:\/\/agora.xtec.cat\/ceipmarianao\/wp-content\/uploads\/usu17\/2022\/05\/IMG-20220511-WA0027-200x150.jpg 200w, https:\/\/agora.xtec.cat\/ceipmarianao\/wp-content\/uploads\/usu17\/2022\/05\/IMG-20220511-WA0027.jpg 1599w\" sizes=\"auto, (max-width: 214px) 100vw, 214px\" \/><\/a><\/p>\n<p style=\"text-align: center;\"><a href=\"https:\/\/agora.xtec.cat\/ceipmarianao\/wp-content\/uploads\/usu17\/2022\/05\/IMG-20220511-WA0025.jpg\"><img loading=\"lazy\" decoding=\"async\" class=\"alignnone wp-image-4163\" src=\"https:\/\/agora.xtec.cat\/ceipmarianao\/wp-content\/uploads\/usu17\/2022\/05\/IMG-20220511-WA0025.jpg\" alt=\"\" width=\"224\" height=\"126\" srcset=\"https:\/\/agora.xtec.cat\/ceipmarianao\/wp-content\/uploads\/usu17\/2022\/05\/IMG-20220511-WA0025.jpg 1024w, https:\/\/agora.xtec.cat\/ceipmarianao\/wp-content\/uploads\/usu17\/2022\/05\/IMG-20220511-WA0025-300x169.jpg 300w, https:\/\/agora.xtec.cat\/ceipmarianao\/wp-content\/uploads\/usu17\/2022\/05\/IMG-20220511-WA0025-768x432.jpg 768w\" sizes=\"auto, (max-width: 224px) 100vw, 224px\" \/><\/a><\/p>\n<p style=\"text-align: center;\"><a href=\"https:\/\/agora.xtec.cat\/ceipmarianao\/wp-content\/uploads\/usu17\/2022\/05\/IMG-20220511-WA0026-1.jpg\"><img loading=\"lazy\" decoding=\"async\" class=\"alignnone wp-image-4166\" src=\"https:\/\/agora.xtec.cat\/ceipmarianao\/wp-content\/uploads\/usu17\/2022\/05\/IMG-20220511-WA0026-1-1024x768.jpg\" alt=\"\" width=\"225\" height=\"169\" srcset=\"https:\/\/agora.xtec.cat\/ceipmarianao\/wp-content\/uploads\/usu17\/2022\/05\/IMG-20220511-WA0026-1-1024x768.jpg 1024w, https:\/\/agora.xtec.cat\/ceipmarianao\/wp-content\/uploads\/usu17\/2022\/05\/IMG-20220511-WA0026-1-300x225.jpg 300w, https:\/\/agora.xtec.cat\/ceipmarianao\/wp-content\/uploads\/usu17\/2022\/05\/IMG-20220511-WA0026-1-768x576.jpg 768w, https:\/\/agora.xtec.cat\/ceipmarianao\/wp-content\/uploads\/usu17\/2022\/05\/IMG-20220511-WA0026-1-1536x1152.jpg 1536w, https:\/\/agora.xtec.cat\/ceipmarianao\/wp-content\/uploads\/usu17\/2022\/05\/IMG-20220511-WA0026-1-200x150.jpg 200w, https:\/\/agora.xtec.cat\/ceipmarianao\/wp-content\/uploads\/usu17\/2022\/05\/IMG-20220511-WA0026-1.jpg 2048w\" sizes=\"auto, (max-width: 225px) 100vw, 225px\" \/><\/a><\/p>\n<p style=\"text-align: center;\"><a href=\"https:\/\/agora.xtec.cat\/ceipmarianao\/wp-content\/uploads\/usu17\/2022\/05\/IMG-20220511-WA0022.jpg\"><img loading=\"lazy\" decoding=\"async\" class=\"alignnone wp-image-4167\" src=\"https:\/\/agora.xtec.cat\/ceipmarianao\/wp-content\/uploads\/usu17\/2022\/05\/IMG-20220511-WA0022-1024x768.jpg\" alt=\"\" width=\"227\" height=\"170\" srcset=\"https:\/\/agora.xtec.cat\/ceipmarianao\/wp-content\/uploads\/usu17\/2022\/05\/IMG-20220511-WA0022-1024x768.jpg 1024w, https:\/\/agora.xtec.cat\/ceipmarianao\/wp-content\/uploads\/usu17\/2022\/05\/IMG-20220511-WA0022-300x225.jpg 300w, https:\/\/agora.xtec.cat\/ceipmarianao\/wp-content\/uploads\/usu17\/2022\/05\/IMG-20220511-WA0022-768x576.jpg 768w, https:\/\/agora.xtec.cat\/ceipmarianao\/wp-content\/uploads\/usu17\/2022\/05\/IMG-20220511-WA0022-1536x1152.jpg 1536w, https:\/\/agora.xtec.cat\/ceipmarianao\/wp-content\/uploads\/usu17\/2022\/05\/IMG-20220511-WA0022-200x150.jpg 200w, https:\/\/agora.xtec.cat\/ceipmarianao\/wp-content\/uploads\/usu17\/2022\/05\/IMG-20220511-WA0022.jpg 2048w\" sizes=\"auto, (max-width: 227px) 100vw, 227px\" \/><\/a><\/p>\n<p style=\"text-align: justify;\">El primer dia ha estat genial, han descobert la casa i els seus voltants i han fet moltes activitats divertides. Mireu, mireu&#8230;<\/p>\n<p style=\"text-align: center;\"><iframe loading=\"lazy\" src=\"\/\/www.youtube.com\/embed\/zYF-3ttoZgI\" width=\"560\" height=\"314\" allowfullscreen=\"allowfullscreen\"><\/iframe><\/p>\n<p style=\"text-align: center;\"><iframe loading=\"lazy\" src=\"\/\/www.youtube.com\/embed\/FlIYsUsCdhc\" width=\"560\" height=\"314\" allowfullscreen=\"allowfullscreen\"><\/iframe><\/p>\n<p style=\"text-align: center;\"><iframe loading=\"lazy\" src=\"\/\/www.youtube.com\/embed\/IrThgo7R-Bk\" width=\"560\" height=\"314\" allowfullscreen=\"allowfullscreen\"><\/iframe><\/p>\n<p style=\"text-align: justify;\">Els nens i nenes de P5 ja han arribat a la casa de col\u00f2nies. Ara s\u00ed que ja hi s\u00f3n tots. A gaudir-ho! Han passat un primer dia molt intents i ple d&#8217;aventures!!!<\/p>\n<p style=\"text-align: center;\"><a href=\"https:\/\/agora.xtec.cat\/ceipmarianao\/wp-content\/uploads\/usu17\/2022\/05\/PHOTO-2022-05-12-10-42-23.jpg\"><img loading=\"lazy\" decoding=\"async\" class=\"alignnone wp-image-4181\" src=\"https:\/\/agora.xtec.cat\/ceipmarianao\/wp-content\/uploads\/usu17\/2022\/05\/PHOTO-2022-05-12-10-42-23-1024x766.jpg\" alt=\"\" width=\"249\" height=\"186\" srcset=\"https:\/\/agora.xtec.cat\/ceipmarianao\/wp-content\/uploads\/usu17\/2022\/05\/PHOTO-2022-05-12-10-42-23-1024x766.jpg 1024w, https:\/\/agora.xtec.cat\/ceipmarianao\/wp-content\/uploads\/usu17\/2022\/05\/PHOTO-2022-05-12-10-42-23-300x224.jpg 300w, https:\/\/agora.xtec.cat\/ceipmarianao\/wp-content\/uploads\/usu17\/2022\/05\/PHOTO-2022-05-12-10-42-23-768x575.jpg 768w, https:\/\/agora.xtec.cat\/ceipmarianao\/wp-content\/uploads\/usu17\/2022\/05\/PHOTO-2022-05-12-10-42-23-1536x1149.jpg 1536w, https:\/\/agora.xtec.cat\/ceipmarianao\/wp-content\/uploads\/usu17\/2022\/05\/PHOTO-2022-05-12-10-42-23-200x150.jpg 200w, https:\/\/agora.xtec.cat\/ceipmarianao\/wp-content\/uploads\/usu17\/2022\/05\/PHOTO-2022-05-12-10-42-23.jpg 1600w\" sizes=\"auto, (max-width: 249px) 100vw, 249px\" \/><\/a><\/p>\n<p style=\"text-align: center;\"><iframe loading=\"lazy\" src=\"\/\/www.youtube.com\/embed\/gM5ddtavc2s\" width=\"560\" height=\"314\" allowfullscreen=\"allowfullscreen\"><\/iframe><\/p>\n<p style=\"text-align: center;\"><iframe loading=\"lazy\" src=\"\/\/www.youtube.com\/embed\/8p6hn_ljOP8\" width=\"560\" height=\"314\" allowfullscreen=\"allowfullscreen\"><\/iframe><\/p>\n","protected":false},"excerpt":{"rendered":"<p>Els infants de 2n, 4t i 6\u00e8 ja fa estona que han arribat a La Granja, a Santa Maria de Palautordera. De ben segur que els esperen mil i una aventures&#8230;<br \/>\n<a href=\"https:\/\/agora.xtec.cat\/ceipmarianao\/wp-content\/uploads\/usu17\/2022\/05\/IMG-20220511-WA0027.jpg\"><\/a><br \/>\n<a href=\"https:\/\/agora.xtec.cat\/ceipmarianao\/wp-content\/uploads\/usu17\/2022\/05\/IMG-20220511-WA0025.jpg\"><\/a><br \/>\n<a href=\"https:\/\/agora.xtec.cat\/ceipmarianao\/wp-content\/uploads\/usu17\/2022\/05\/IMG-20220511-WA0026-1.jpg\"><\/a><br \/>\n<a href=\"https:\/\/agora.xtec.cat\/ceipmarianao\/wp-content\/uploads\/usu17\/2022\/05\/IMG-20220511-WA0022.jpg\"><\/a><br \/>\nEl primer dia ha estat genial, han descobert la casa i&hellip;  <a href=\"https:\/\/agora.xtec.cat\/ceipmarianao\/general\/colonies-2022\/\" title=\"Read COL\u00d2NIES 2022\">Llegeix m\u00e9s\u00bb<\/a><\/p>\n","protected":false},"author":3,"featured_media":0,"comment_status":"closed","ping_status":"closed","sticky":false,"template":"","format":"standard","meta":{"_bbp_topic_count":0,"_bbp_reply_count":0,"_bbp_total_topic_count":0,"_bbp_total_reply_count":0,"_bbp_voice_count":0,"_bbp_anonymous_reply_count":0,"_bbp_topic_count_hidden":0,"_bbp_reply_count_hidden":0,"_bbp_forum_subforum_count":0,"footnotes":""},"categories":[1,28,4],"tags":[],"class_list":["post-4162","post","type-post","status-publish","format-standard","hentry","category-general","category-noticies-portada","category-portada"],"post_mailing_queue_ids":[],"_links":{"self":[{"href":"https:\/\/agora.xtec.cat\/ceipmarianao\/wp-json\/wp\/v2\/posts\/4162","targetHints":{"allow":["GET"]}}],"collection":[{"href":"https:\/\/agora.xtec.cat\/ceipmarianao\/wp-json\/wp\/v2\/posts"}],"about":[{"href":"https:\/\/agora.xtec.cat\/ceipmarianao\/wp-json\/wp\/v2\/types\/post"}],"author":[{"embeddable":true,"href":"https:\/\/agora.xtec.cat\/ceipmarianao\/wp-json\/wp\/v2\/users\/3"}],"replies":[{"embeddable":true,"href":"https:\/\/agora.xtec.cat\/ceipmarianao\/wp-json\/wp\/v2\/comments?post=4162"}],"version-history":[{"count":4,"href":"https:\/\/agora.xtec.cat\/ceipmarianao\/wp-json\/wp\/v2\/posts\/4162\/revisions"}],"predecessor-version":[{"id":4189,"href":"https:\/\/agora.xtec.cat\/ceipmarianao\/wp-json\/wp\/v2\/posts\/4162\/revisions\/4189"}],"wp:attachment":[{"href":"https:\/\/agora.xtec.cat\/ceipmarianao\/wp-json\/wp\/v2\/media?parent=4162"}],"wp:term":[{"taxonomy":"category","embeddable":true,"href":"https:\/\/agora.xtec.cat\/ceipmarianao\/wp-json\/wp\/v2\/categories?post=4162"},{"taxonomy":"post_tag","embeddable":true,"href":"https:\/\/agora.xtec.cat\/ceipmarianao\/wp-json\/wp\/v2\/tags?post=4162"}],"curies":[{"name":"wp","href":"https:\/\/api.w.org\/{rel}","templated":true}]}}