{"id":4098,"date":"2022-03-01T14:05:15","date_gmt":"2022-03-01T13:05:15","guid":{"rendered":"https:\/\/agora.xtec.cat\/ceipmarianao\/?p=4098"},"modified":"2022-07-06T10:44:55","modified_gmt":"2022-07-06T08:44:55","slug":"preinscripcio-i-matricula-2022-2023","status":"publish","type":"post","link":"https:\/\/agora.xtec.cat\/ceipmarianao\/general\/preinscripcio-i-matricula-2022-2023\/","title":{"rendered":"PREINSCRIPCI\u00d3 I MATR\u00cdCULA 2022-2023"},"content":{"rendered":"<p><a href=\"https:\/\/agora.xtec.cat\/ceipmarianao\/wp-content\/uploads\/usu17\/2022\/03\/CEB_banners_Preinscripcio_746x250.jpg\"><img loading=\"lazy\" decoding=\"async\" class=\"aligncenter wp-image-4100\" src=\"https:\/\/agora.xtec.cat\/ceipmarianao\/wp-content\/uploads\/usu17\/2022\/03\/CEB_banners_Preinscripcio_746x250-300x101.jpg\" alt=\"\" width=\"499\" height=\"168\" srcset=\"https:\/\/agora.xtec.cat\/ceipmarianao\/wp-content\/uploads\/usu17\/2022\/03\/CEB_banners_Preinscripcio_746x250-300x101.jpg 300w, https:\/\/agora.xtec.cat\/ceipmarianao\/wp-content\/uploads\/usu17\/2022\/03\/CEB_banners_Preinscripcio_746x250.jpg 744w\" sizes=\"auto, (max-width: 499px) 100vw, 499px\" \/><\/a><\/p>\n<p style=\"text-align: center;\"><strong>La presentaci\u00f3 de sol\u00b7licituds es far\u00e0 del 7 al 21 de mar\u00e7 <\/strong><\/p>\n<p style=\"text-align: center;\"><a href=\"https:\/\/educacio.gencat.cat\/ca\/tramits\/tramits-temes\/20483-obligatoris?moda=1\">Format electr\u00f2nic o en suport inform\u00e0tic Educaci\u00f3 Infantil<\/a><\/p>\n<p style=\"text-align: center;\"><a href=\"https:\/\/educacio.gencat.cat\/ca\/tramits\/tramits-temes\/20483-obligatoris?moda=2\">Format electr\u00f2nic o en suport inform\u00e0tic Educaci\u00f3 Prim\u00e0ria<\/a><\/p>\n<p style=\"text-align: center;\"><a href=\"https:\/\/agora.xtec.cat\/ceipmarianao\/wp-content\/uploads\/usu17\/2022\/03\/Sollicituds.png\"><img loading=\"lazy\" decoding=\"async\" class=\"aligncenter wp-image-4113\" src=\"https:\/\/agora.xtec.cat\/ceipmarianao\/wp-content\/uploads\/usu17\/2022\/03\/Sollicituds-300x182.png\" alt=\"\" width=\"450\" height=\"273\" srcset=\"https:\/\/agora.xtec.cat\/ceipmarianao\/wp-content\/uploads\/usu17\/2022\/03\/Sollicituds-300x182.png 300w, https:\/\/agora.xtec.cat\/ceipmarianao\/wp-content\/uploads\/usu17\/2022\/03\/Sollicituds-768x467.png 768w, https:\/\/agora.xtec.cat\/ceipmarianao\/wp-content\/uploads\/usu17\/2022\/03\/Sollicituds.png 943w\" sizes=\"auto, (max-width: 450px) 100vw, 450px\" \/><\/a><\/p>\n<p style=\"text-align: center;\">Tel\u00e8fon: <strong>932449876<\/strong><\/p>\n<p style=\"text-align: center;\">Adre\u00e7a electr\u00f2nica: <strong>a8025599@xtec.cat<\/strong><\/p>\n<p style=\"text-align: center;\"><a href=\"https:\/\/preinscripcio.gencat.cat\/ca\/inici\/\" target=\"_blank\" rel=\"noopener noreferrer\">Web de la preinscripci\u00f3<\/a><\/p>\n<p style=\"text-align: center;\"><a href=\"https:\/\/mapa.santboi.cat\/SB\/ZonesEscolars.html\">Mapa de les zones escolars de Sant Boi<\/a><\/p>\n<p style=\"text-align: center;\"><a href=\"https:\/\/seuelectronica.santboi.cat\/llibres.nsf\/ca-WebTemesperID\/1E8A8B9C5EF0C88E4125697E002EFA96?OpenDocument&amp;Clau=tramits&amp;Idioma=ca&amp;unid=41E0C9AFAEA816A7C1256D1A005645DB&amp;Seu=S\">Com sol\u00b7licitar el volant de conviv\u00e8ncia<\/a><\/p>\n<p style=\"text-align: center;\"><a href=\"https:\/\/drive.google.com\/file\/d\/19hO7idmvQLKAOFB7JzjrdJBzpP0gwby7\/view?usp=sharing\">Oferta inicial de places<\/a><\/p>\n<p style=\"text-align: center;\"><a href=\"https:\/\/drive.google.com\/file\/d\/1y91A_jHqkWzF4evDMQOe8uWn3SiPd4VO\/view?usp=sharing\">Publicaci\u00f3 llista barem provisional<\/a><\/p>\n<p style=\"text-align: center;\"><a href=\"https:\/\/drive.google.com\/file\/d\/14PQDsEejCV0Kj2cpv8ygyvo7Ftva6K9Q\/view?usp=sharing\">Publicaci\u00f3 llista barem definitiu<\/a><\/p>\n<p style=\"text-align: center;\"><a href=\"https:\/\/drive.google.com\/file\/d\/1D1vK14tH7Tva_yLdRCRRTy0mJOouxakQ\/view?usp=sharing\">N\u00famero de sorteig per al desempat: <strong>1013<\/strong><\/a><\/p>\n<p style=\"text-align: center;\"><a href=\"https:\/\/drive.google.com\/file\/d\/1qgajwagxyrBaZeIQzgFNlqpqLqxsKPyy\/view?usp=sharing\">Publicaci\u00f3 llista ordenada<\/a><\/p>\n<p style=\"text-align: center;\"><a href=\"https:\/\/drive.google.com\/file\/d\/1RhmNLzWOxlmhNya1LxUUlSVhnO98K_7Q\/view?usp=sharing\">Oferta definitiva de places<\/a><\/p>\n<p style=\"text-align: center;\"><a href=\"https:\/\/drive.google.com\/file\/d\/1NreNy6zcS50bXh4PQO_hN5QhuYPhAbXa\/view?usp=sharing\">Publicaci\u00f3 llista d&#8217;admesos<\/a><\/p>\n<p style=\"text-align: center;\"><a href=\"https:\/\/drive.google.com\/file\/d\/1bQK2b9f0R57i3FPk3NrIVoLNWxyKpgb6\/view?usp=sharing\">Publicaci\u00f3 llista d&#8217;espera<\/a><\/p>\n<h5 style=\"text-align: center;\">Per a formalitzar la matr\u00edcula haur\u00edeu de trucar al centre, al tel\u00e8fon: 932449876, per a demanar dia i hora.<\/h5>\n<p style=\"text-align: center;\">Calendari de preinscripci\u00f3:<\/p>\n<p style=\"text-align: center;\"><a href=\"https:\/\/agora.xtec.cat\/ceipmarianao\/wp-content\/uploads\/usu17\/2022\/03\/Calendari-1.png\"><img loading=\"lazy\" decoding=\"async\" class=\"aligncenter wp-image-4107\" src=\"https:\/\/agora.xtec.cat\/ceipmarianao\/wp-content\/uploads\/usu17\/2022\/03\/Calendari-1-297x300.png\" alt=\"\" width=\"400\" height=\"404\" srcset=\"https:\/\/agora.xtec.cat\/ceipmarianao\/wp-content\/uploads\/usu17\/2022\/03\/Calendari-1-297x300.png 297w, https:\/\/agora.xtec.cat\/ceipmarianao\/wp-content\/uploads\/usu17\/2022\/03\/Calendari-1.png 750w\" sizes=\"auto, (max-width: 400px) 100vw, 400px\" \/><\/a><\/p>\n<p style=\"text-align: center;\">Barem:<\/p>\n<p style=\"text-align: center;\"><a href=\"https:\/\/agora.xtec.cat\/ceipmarianao\/wp-content\/uploads\/usu17\/2022\/03\/Barem-1.png\"><img loading=\"lazy\" decoding=\"async\" class=\"aligncenter wp-image-4108\" src=\"https:\/\/agora.xtec.cat\/ceipmarianao\/wp-content\/uploads\/usu17\/2022\/03\/Barem-1-210x300.png\" alt=\"\" width=\"325\" height=\"465\" srcset=\"https:\/\/agora.xtec.cat\/ceipmarianao\/wp-content\/uploads\/usu17\/2022\/03\/Barem-1-210x300.png 210w, https:\/\/agora.xtec.cat\/ceipmarianao\/wp-content\/uploads\/usu17\/2022\/03\/Barem-1.png 503w\" sizes=\"auto, (max-width: 325px) 100vw, 325px\" \/><\/a><\/p>\n<p style=\"text-align: center;\">\n","protected":false},"excerpt":{"rendered":"<p><a href=\"https:\/\/agora.xtec.cat\/ceipmarianao\/wp-content\/uploads\/usu17\/2022\/03\/CEB_banners_Preinscripcio_746x250.jpg\"><\/a><br \/>\nLa presentaci\u00f3 de sol\u00b7licituds es far\u00e0 del 7 al 21 de mar\u00e7<br \/>\n<a href=\"https:\/\/educacio.gencat.cat\/ca\/tramits\/tramits-temes\/20483-obligatoris?moda=1\">Format electr\u00f2nic o en suport inform\u00e0tic Educaci\u00f3 Infantil<\/a><br \/>\n<a href=\"https:\/\/educacio.gencat.cat\/ca\/tramits\/tramits-temes\/20483-obligatoris?moda=2\">Format electr\u00f2nic o en suport inform\u00e0tic Educaci\u00f3 Prim\u00e0ria<\/a><br \/>\n<a href=\"https:\/\/agora.xtec.cat\/ceipmarianao\/wp-content\/uploads\/usu17\/2022\/03\/Sollicituds.png\"><\/a><br \/>\nTel\u00e8fon: 932449876<br \/>\nAdre\u00e7a electr\u00f2nica: a8025599@xtec.cat<br \/>\n<a href=\"https:\/\/preinscripcio.gencat.cat\/ca\/inici\/\" target=\"_blank\" rel=\"noopener noreferrer\">Web de la preinscripci\u00f3<\/a><br \/>\n<a href=\"https:\/\/mapa.santboi.cat\/SB\/ZonesEscolars.html\">Mapa de les zones&hellip;  <a href=\"https:\/\/agora.xtec.cat\/ceipmarianao\/general\/preinscripcio-i-matricula-2022-2023\/\" title=\"Read PREINSCRIPCI\u00d3 I MATR\u00cdCULA 2022-2023\">Llegeix m\u00e9s\u00bb<\/a><\/p>\n","protected":false},"author":3,"featured_media":0,"comment_status":"closed","ping_status":"closed","sticky":false,"template":"","format":"standard","meta":{"_bbp_topic_count":0,"_bbp_reply_count":0,"_bbp_total_topic_count":0,"_bbp_total_reply_count":0,"_bbp_voice_count":0,"_bbp_anonymous_reply_count":0,"_bbp_topic_count_hidden":0,"_bbp_reply_count_hidden":0,"_bbp_forum_subforum_count":0,"footnotes":""},"categories":[1,28,4],"tags":[],"class_list":["post-4098","post","type-post","status-publish","format-standard","hentry","category-general","category-noticies-portada","category-portada"],"post_mailing_queue_ids":[],"_links":{"self":[{"href":"https:\/\/agora.xtec.cat\/ceipmarianao\/wp-json\/wp\/v2\/posts\/4098","targetHints":{"allow":["GET"]}}],"collection":[{"href":"https:\/\/agora.xtec.cat\/ceipmarianao\/wp-json\/wp\/v2\/posts"}],"about":[{"href":"https:\/\/agora.xtec.cat\/ceipmarianao\/wp-json\/wp\/v2\/types\/post"}],"author":[{"embeddable":true,"href":"https:\/\/agora.xtec.cat\/ceipmarianao\/wp-json\/wp\/v2\/users\/3"}],"replies":[{"embeddable":true,"href":"https:\/\/agora.xtec.cat\/ceipmarianao\/wp-json\/wp\/v2\/comments?post=4098"}],"version-history":[{"count":3,"href":"https:\/\/agora.xtec.cat\/ceipmarianao\/wp-json\/wp\/v2\/posts\/4098\/revisions"}],"predecessor-version":[{"id":4214,"href":"https:\/\/agora.xtec.cat\/ceipmarianao\/wp-json\/wp\/v2\/posts\/4098\/revisions\/4214"}],"wp:attachment":[{"href":"https:\/\/agora.xtec.cat\/ceipmarianao\/wp-json\/wp\/v2\/media?parent=4098"}],"wp:term":[{"taxonomy":"category","embeddable":true,"href":"https:\/\/agora.xtec.cat\/ceipmarianao\/wp-json\/wp\/v2\/categories?post=4098"},{"taxonomy":"post_tag","embeddable":true,"href":"https:\/\/agora.xtec.cat\/ceipmarianao\/wp-json\/wp\/v2\/tags?post=4098"}],"curies":[{"name":"wp","href":"https:\/\/api.w.org\/{rel}","templated":true}]}}