{"id":4079,"date":"2022-02-23T11:04:35","date_gmt":"2022-02-23T10:04:35","guid":{"rendered":"https:\/\/agora.xtec.cat\/ceipmarianao\/?p=4079"},"modified":"2022-02-23T11:04:35","modified_gmt":"2022-02-23T10:04:35","slug":"canvis-i-aclariments-en-la-gestio-dels-casos-covid","status":"publish","type":"post","link":"https:\/\/agora.xtec.cat\/ceipmarianao\/general\/canvis-i-aclariments-en-la-gestio-dels-casos-covid\/","title":{"rendered":"CANVIS I ACLARIMENTS EN LA GESTI\u00d3 DELS CASOS COVID"},"content":{"rendered":"<p style=\"text-align: justify;\">Els departaments d&#8217;Educaci\u00f3 i Salut proposen la flexibilitzaci\u00f3 de la gesti\u00f3 de casos COVID a l&#8217;entorn escolar a partir de dimecres 23 de febrer. A efectes pr\u00e0ctics, el protocol de gesti\u00f3 de casos covid quedar\u00e0 aquest dimecres sense efecte -ja no s\u2019identificaran contactes estrets ni s\u2019indicaran quarantenes-. Els centres escolars i les fam\u00edlies no hauran de comunicar si el motiu de l\u2019abs\u00e8ncia a classe de l\u2019alumnat \u00e9s a causa de la covid.<a href=\"https:\/\/agora.xtec.cat\/ceipmarianao\/wp-content\/uploads\/usu17\/2022\/02\/Sense-titol.png\"><img loading=\"lazy\" decoding=\"async\" class=\"aligncenter  wp-image-4080\" src=\"https:\/\/agora.xtec.cat\/ceipmarianao\/wp-content\/uploads\/usu17\/2022\/02\/Sense-titol-265x300.png\" alt=\"\" width=\"450\" height=\"509\" srcset=\"https:\/\/agora.xtec.cat\/ceipmarianao\/wp-content\/uploads\/usu17\/2022\/02\/Sense-titol-265x300.png 265w, https:\/\/agora.xtec.cat\/ceipmarianao\/wp-content\/uploads\/usu17\/2022\/02\/Sense-titol.png 714w\" sizes=\"auto, (max-width: 450px) 100vw, 450px\" \/><\/a><\/p>\n","protected":false},"excerpt":{"rendered":"<p>Els departaments d&#8217;Educaci\u00f3 i Salut proposen la flexibilitzaci\u00f3 de la gesti\u00f3 de casos COVID a l&#8217;entorn escolar a partir de dimecres 23 de febrer. A efectes pr\u00e0ctics, el protocol de gesti\u00f3 de casos covid quedar\u00e0 aquest dimecres sense efecte -ja no s\u2019identificaran contactes estrets ni&hellip;  <a href=\"https:\/\/agora.xtec.cat\/ceipmarianao\/general\/canvis-i-aclariments-en-la-gestio-dels-casos-covid\/\" title=\"Read CANVIS I ACLARIMENTS EN LA GESTI\u00d3 DELS CASOS COVID\">Llegeix m\u00e9s\u00bb<\/a><\/p>\n","protected":false},"author":3,"featured_media":0,"comment_status":"closed","ping_status":"closed","sticky":false,"template":"","format":"standard","meta":{"_bbp_topic_count":0,"_bbp_reply_count":0,"_bbp_total_topic_count":0,"_bbp_total_reply_count":0,"_bbp_voice_count":0,"_bbp_anonymous_reply_count":0,"_bbp_topic_count_hidden":0,"_bbp_reply_count_hidden":0,"_bbp_forum_subforum_count":0,"footnotes":""},"categories":[1,28,4],"tags":[],"class_list":["post-4079","post","type-post","status-publish","format-standard","hentry","category-general","category-noticies-portada","category-portada"],"post_mailing_queue_ids":[],"_links":{"self":[{"href":"https:\/\/agora.xtec.cat\/ceipmarianao\/wp-json\/wp\/v2\/posts\/4079","targetHints":{"allow":["GET"]}}],"collection":[{"href":"https:\/\/agora.xtec.cat\/ceipmarianao\/wp-json\/wp\/v2\/posts"}],"about":[{"href":"https:\/\/agora.xtec.cat\/ceipmarianao\/wp-json\/wp\/v2\/types\/post"}],"author":[{"embeddable":true,"href":"https:\/\/agora.xtec.cat\/ceipmarianao\/wp-json\/wp\/v2\/users\/3"}],"replies":[{"embeddable":true,"href":"https:\/\/agora.xtec.cat\/ceipmarianao\/wp-json\/wp\/v2\/comments?post=4079"}],"version-history":[{"count":1,"href":"https:\/\/agora.xtec.cat\/ceipmarianao\/wp-json\/wp\/v2\/posts\/4079\/revisions"}],"predecessor-version":[{"id":4081,"href":"https:\/\/agora.xtec.cat\/ceipmarianao\/wp-json\/wp\/v2\/posts\/4079\/revisions\/4081"}],"wp:attachment":[{"href":"https:\/\/agora.xtec.cat\/ceipmarianao\/wp-json\/wp\/v2\/media?parent=4079"}],"wp:term":[{"taxonomy":"category","embeddable":true,"href":"https:\/\/agora.xtec.cat\/ceipmarianao\/wp-json\/wp\/v2\/categories?post=4079"},{"taxonomy":"post_tag","embeddable":true,"href":"https:\/\/agora.xtec.cat\/ceipmarianao\/wp-json\/wp\/v2\/tags?post=4079"}],"curies":[{"name":"wp","href":"https:\/\/api.w.org\/{rel}","templated":true}]}}