{"id":4064,"date":"2022-02-18T10:30:12","date_gmt":"2022-02-18T09:30:12","guid":{"rendered":"https:\/\/agora.xtec.cat\/ceipmarianao\/?p=4064"},"modified":"2022-04-21T10:19:23","modified_gmt":"2022-04-21T08:19:23","slug":"carnaval-2022","status":"publish","type":"post","link":"https:\/\/agora.xtec.cat\/ceipmarianao\/general\/carnaval-2022\/","title":{"rendered":"CARNAVAL 2022"},"content":{"rendered":"<p style=\"text-align: justify;\">El Carnestoltes ens ha comunicat que aviat estar\u00e0 amb tots i totes nosaltres! Abans de la seva arribada vol que sabem les consignes que haurem de complir, aix\u00ed com algunes petites informacions a tenir en compte perqu\u00e8 la seva benvinguda i estada siguin m\u00e9s agradables.<\/p>\n<p style=\"text-align: justify;\"><a href=\"https:\/\/agora.xtec.cat\/ceipmarianao\/wp-content\/uploads\/usu17\/2022\/02\/Programa-Carnestoltes-2022_page-0001.jpg\"><img loading=\"lazy\" decoding=\"async\" class=\"aligncenter wp-image-4065\" src=\"https:\/\/agora.xtec.cat\/ceipmarianao\/wp-content\/uploads\/usu17\/2022\/02\/Programa-Carnestoltes-2022_page-0001-300x212.jpg\" alt=\"\" width=\"500\" height=\"353\" srcset=\"https:\/\/agora.xtec.cat\/ceipmarianao\/wp-content\/uploads\/usu17\/2022\/02\/Programa-Carnestoltes-2022_page-0001-300x212.jpg 300w, https:\/\/agora.xtec.cat\/ceipmarianao\/wp-content\/uploads\/usu17\/2022\/02\/Programa-Carnestoltes-2022_page-0001-1024x724.jpg 1024w, https:\/\/agora.xtec.cat\/ceipmarianao\/wp-content\/uploads\/usu17\/2022\/02\/Programa-Carnestoltes-2022_page-0001-768x543.jpg 768w, https:\/\/agora.xtec.cat\/ceipmarianao\/wp-content\/uploads\/usu17\/2022\/02\/Programa-Carnestoltes-2022_page-0001-1536x1086.jpg 1536w, https:\/\/agora.xtec.cat\/ceipmarianao\/wp-content\/uploads\/usu17\/2022\/02\/Programa-Carnestoltes-2022_page-0001.jpg 1755w\" sizes=\"auto, (max-width: 500px) 100vw, 500px\" \/><\/a><a href=\"https:\/\/agora.xtec.cat\/ceipmarianao\/wp-content\/uploads\/usu17\/2022\/02\/Programa-Carnestoltes-2022_page-0002.jpg\"><img loading=\"lazy\" decoding=\"async\" class=\"aligncenter wp-image-4066\" src=\"https:\/\/agora.xtec.cat\/ceipmarianao\/wp-content\/uploads\/usu17\/2022\/02\/Programa-Carnestoltes-2022_page-0002-300x212.jpg\" alt=\"\" width=\"500\" height=\"354\" srcset=\"https:\/\/agora.xtec.cat\/ceipmarianao\/wp-content\/uploads\/usu17\/2022\/02\/Programa-Carnestoltes-2022_page-0002-300x212.jpg 300w, https:\/\/agora.xtec.cat\/ceipmarianao\/wp-content\/uploads\/usu17\/2022\/02\/Programa-Carnestoltes-2022_page-0002-1024x724.jpg 1024w, https:\/\/agora.xtec.cat\/ceipmarianao\/wp-content\/uploads\/usu17\/2022\/02\/Programa-Carnestoltes-2022_page-0002-768x543.jpg 768w, https:\/\/agora.xtec.cat\/ceipmarianao\/wp-content\/uploads\/usu17\/2022\/02\/Programa-Carnestoltes-2022_page-0002-1536x1086.jpg 1536w, https:\/\/agora.xtec.cat\/ceipmarianao\/wp-content\/uploads\/usu17\/2022\/02\/Programa-Carnestoltes-2022_page-0002.jpg 1755w\" sizes=\"auto, (max-width: 500px) 100vw, 500px\" \/><\/a><\/p>\n<p style=\"text-align: justify;\">Els infants de l&#8217;escola li han preparat aquest preg\u00f3 i, entre tots, l&#8217;han llegit amb molta il\u00b7lusi\u00f3:<\/p>\n<p style=\"text-align: left;\"><a href=\"https:\/\/agora.xtec.cat\/ceipmarianao\/wp-content\/uploads\/usu17\/2022\/02\/1.png\"><img loading=\"lazy\" decoding=\"async\" class=\"size-medium wp-image-4069 aligncenter\" src=\"https:\/\/agora.xtec.cat\/ceipmarianao\/wp-content\/uploads\/usu17\/2022\/02\/1-212x300.png\" alt=\"\" width=\"212\" height=\"300\" srcset=\"https:\/\/agora.xtec.cat\/ceipmarianao\/wp-content\/uploads\/usu17\/2022\/02\/1-212x300.png 212w, https:\/\/agora.xtec.cat\/ceipmarianao\/wp-content\/uploads\/usu17\/2022\/02\/1.png 707w\" sizes=\"auto, (max-width: 212px) 100vw, 212px\" \/><\/a><\/p>\n<p style=\"text-align: center;\"><a href=\"https:\/\/agora.xtec.cat\/ceipmarianao\/wp-content\/uploads\/usu17\/2022\/02\/2.png\"><img loading=\"lazy\" decoding=\"async\" class=\"aligncenter size-medium wp-image-4070\" src=\"https:\/\/agora.xtec.cat\/ceipmarianao\/wp-content\/uploads\/usu17\/2022\/02\/2-212x300.png\" alt=\"\" width=\"212\" height=\"300\" srcset=\"https:\/\/agora.xtec.cat\/ceipmarianao\/wp-content\/uploads\/usu17\/2022\/02\/2-212x300.png 212w, https:\/\/agora.xtec.cat\/ceipmarianao\/wp-content\/uploads\/usu17\/2022\/02\/2.png 707w\" sizes=\"auto, (max-width: 212px) 100vw, 212px\" \/><\/a><\/p>\n<p style=\"text-align: justify;\">Com vam prometre, aqu\u00ed us deixem un parell de v\u00eddeos del Carnaval: el primer del dia de la rebuda del Carnestoltes i del compliment d&#8217;algunes de les seves consignes (podeu veure&#8217;n m\u00e9s fotos als <a href=\"https:\/\/agora.xtec.cat\/ceipmarianao\/nivells\/\">blocs<\/a>) i el segon del gran dia, amb tots i totes els i les nostres peques disfressats i els s\u00faper nois i noies de sis\u00e8 que semblaven professionals amenitzant la festa amb una gran batukada!<\/p>\n<p style=\"text-align: center;\"><iframe loading=\"lazy\" src=\"\/\/www.youtube.com\/embed\/4EGKaeI3Riw\" width=\"560\" height=\"314\" allowfullscreen=\"allowfullscreen\"><\/iframe><\/p>\n<p style=\"text-align: center;\"><iframe loading=\"lazy\" src=\"\/\/www.youtube.com\/embed\/KcD1mTdands\" width=\"560\" height=\"314\" allowfullscreen=\"allowfullscreen\"><\/iframe><\/p>\n","protected":false},"excerpt":{"rendered":"<p>El Carnestoltes ens ha comunicat que aviat estar\u00e0 amb tots i totes nosaltres! Abans de la seva arribada vol que sabem les consignes que haurem de complir, aix\u00ed com algunes petites informacions a tenir en compte perqu\u00e8 la seva benvinguda i estada siguin m\u00e9s agradables.<br \/>\n<a&hellip;  <a href=\"https:\/\/agora.xtec.cat\/ceipmarianao\/general\/carnaval-2022\/\" title=\"Read CARNAVAL 2022\">Llegeix m\u00e9s\u00bb<\/a><\/p>\n","protected":false},"author":3,"featured_media":0,"comment_status":"closed","ping_status":"closed","sticky":false,"template":"","format":"standard","meta":{"_bbp_topic_count":0,"_bbp_reply_count":0,"_bbp_total_topic_count":0,"_bbp_total_reply_count":0,"_bbp_voice_count":0,"_bbp_anonymous_reply_count":0,"_bbp_topic_count_hidden":0,"_bbp_reply_count_hidden":0,"_bbp_forum_subforum_count":0,"footnotes":""},"categories":[1,28,4],"tags":[],"class_list":["post-4064","post","type-post","status-publish","format-standard","hentry","category-general","category-noticies-portada","category-portada"],"post_mailing_queue_ids":[],"_links":{"self":[{"href":"https:\/\/agora.xtec.cat\/ceipmarianao\/wp-json\/wp\/v2\/posts\/4064","targetHints":{"allow":["GET"]}}],"collection":[{"href":"https:\/\/agora.xtec.cat\/ceipmarianao\/wp-json\/wp\/v2\/posts"}],"about":[{"href":"https:\/\/agora.xtec.cat\/ceipmarianao\/wp-json\/wp\/v2\/types\/post"}],"author":[{"embeddable":true,"href":"https:\/\/agora.xtec.cat\/ceipmarianao\/wp-json\/wp\/v2\/users\/3"}],"replies":[{"embeddable":true,"href":"https:\/\/agora.xtec.cat\/ceipmarianao\/wp-json\/wp\/v2\/comments?post=4064"}],"version-history":[{"count":5,"href":"https:\/\/agora.xtec.cat\/ceipmarianao\/wp-json\/wp\/v2\/posts\/4064\/revisions"}],"predecessor-version":[{"id":4096,"href":"https:\/\/agora.xtec.cat\/ceipmarianao\/wp-json\/wp\/v2\/posts\/4064\/revisions\/4096"}],"wp:attachment":[{"href":"https:\/\/agora.xtec.cat\/ceipmarianao\/wp-json\/wp\/v2\/media?parent=4064"}],"wp:term":[{"taxonomy":"category","embeddable":true,"href":"https:\/\/agora.xtec.cat\/ceipmarianao\/wp-json\/wp\/v2\/categories?post=4064"},{"taxonomy":"post_tag","embeddable":true,"href":"https:\/\/agora.xtec.cat\/ceipmarianao\/wp-json\/wp\/v2\/tags?post=4064"}],"curies":[{"name":"wp","href":"https:\/\/api.w.org\/{rel}","templated":true}]}}