{"id":4004,"date":"2022-02-09T10:32:43","date_gmt":"2022-02-09T09:32:43","guid":{"rendered":"https:\/\/agora.xtec.cat\/ceipmarianao\/?p=4004"},"modified":"2022-02-09T10:35:36","modified_gmt":"2022-02-09T09:35:36","slug":"canvi-en-el-protocol-de-gestio-de-casos-covid-19-als-centres-educatius","status":"publish","type":"post","link":"https:\/\/agora.xtec.cat\/ceipmarianao\/general\/canvi-en-el-protocol-de-gestio-de-casos-covid-19-als-centres-educatius\/","title":{"rendered":"CANVI EN EL PROTOCOL DE GESTI\u00d3 DE CASOS COVID-19 ALS CENTRES EDUCATIUS"},"content":{"rendered":"<p><img loading=\"lazy\" decoding=\"async\" class=\"an1\" src=\"https:\/\/fonts.gstatic.com\/s\/e\/notoemoji\/14.0\/1f4c5\/72.png\" alt=\"\ud83d\udcc5\" width=\"20\" height=\"20\" data-emoji=\"\ud83d\udcc5\" aria-label=\"\ud83d\udcc5\" \/> A partir de dilluns 7 de febrer:<\/p>\n<p style=\"text-align: justify;\"><img loading=\"lazy\" decoding=\"async\" class=\"an1\" src=\"https:\/\/fonts.gstatic.com\/s\/e\/notoemoji\/14.0\/25aa_fe0f\/72.png\" alt=\"\u25aa\ufe0f\" width=\"20\" height=\"20\" data-emoji=\"\u25aa\ufe0f\" aria-label=\"\u25aa\ufe0f\" \/> Se susp\u00e8n la realitzaci\u00f3 dels tests d&#8217;ant\u00edgens r\u00e0pids (TAR) quan es produeixi un o diversos casos positius al GCE a l\u2019alumnat d&#8217;:<\/p>\n<p><img loading=\"lazy\" decoding=\"async\" class=\"an1\" src=\"https:\/\/fonts.gstatic.com\/s\/e\/notoemoji\/14.0\/1f4da\/72.png\" alt=\"\ud83d\udcda\" width=\"20\" height=\"20\" data-emoji=\"\ud83d\udcda\" aria-label=\"\ud83d\udcda\" \/> Educaci\u00f3 infantil<br \/>\n<img loading=\"lazy\" decoding=\"async\" class=\"an1\" src=\"https:\/\/fonts.gstatic.com\/s\/e\/notoemoji\/14.0\/1f4da\/72.png\" alt=\"\ud83d\udcda\" width=\"20\" height=\"20\" data-emoji=\"\ud83d\udcda\" aria-label=\"\ud83d\udcda\" \/> Educaci\u00f3 Prim\u00e0ria<br \/>\n<img loading=\"lazy\" decoding=\"async\" class=\"an1\" src=\"https:\/\/fonts.gstatic.com\/s\/e\/notoemoji\/14.0\/1f4da\/72.png\" alt=\"\ud83d\udcda\" width=\"20\" height=\"20\" data-emoji=\"\ud83d\udcda\" aria-label=\"\ud83d\udcda\" \/> Educaci\u00f3 Secund\u00e0ria i<br \/>\n<img loading=\"lazy\" decoding=\"async\" class=\"an1\" src=\"https:\/\/fonts.gstatic.com\/s\/e\/notoemoji\/14.0\/1f4da\/72.png\" alt=\"\ud83d\udcda\" width=\"20\" height=\"20\" data-emoji=\"\ud83d\udcda\" aria-label=\"\ud83d\udcda\" \/> Batxillerat i Cicles<\/p>\n<p><img loading=\"lazy\" decoding=\"async\" class=\"an1\" src=\"https:\/\/fonts.gstatic.com\/s\/e\/notoemoji\/14.0\/25aa_fe0f\/72.png\" alt=\"\u25aa\ufe0f\" width=\"20\" height=\"20\" data-emoji=\"\u25aa\ufe0f\" aria-label=\"\u25aa\ufe0f\" \/> Les quarantenes es mantenen igual.<\/p>\n<p>EXCEPCI\u00d3<img loading=\"lazy\" decoding=\"async\" class=\"an1\" src=\"https:\/\/fonts.gstatic.com\/s\/e\/notoemoji\/14.0\/203c_fe0f\/72.png\" alt=\"\u203c\ufe0f\" width=\"20\" height=\"20\" data-emoji=\"\u203c\ufe0f\" aria-label=\"\u203c\ufe0f\" \/><\/p>\n<p>La recomanaci\u00f3 dels TAR es mant\u00e9 \u200bper als col\u00b7lectius seg\u00fcents:<\/p>\n<p><img loading=\"lazy\" decoding=\"async\" class=\"an1\" src=\"https:\/\/fonts.gstatic.com\/s\/e\/notoemoji\/14.0\/0031_fe0f_20e3\/72.png\" alt=\"1\ufe0f\u20e3\" width=\"20\" height=\"20\" data-emoji=\"1\ufe0f\u20e3\" aria-label=\"1\ufe0f\u20e3\" \/> Alumnat de centres d\u2019educaci\u00f3 especial:<br \/>\n<img loading=\"lazy\" decoding=\"async\" class=\"an1\" src=\"https:\/\/fonts.gstatic.com\/s\/e\/notoemoji\/14.0\/2796\/72.png\" alt=\"\u2796\" width=\"20\" height=\"20\" data-emoji=\"\u2796\" aria-label=\"\u2796\" \/>A partir de 6 anys i asimptom\u00e0tics: es faran el TAR a la farm\u00e0cia.<br \/>\n<img loading=\"lazy\" decoding=\"async\" class=\"an1\" src=\"https:\/\/fonts.gstatic.com\/s\/e\/notoemoji\/14.0\/2796\/72.png\" alt=\"\u2796\" width=\"20\" height=\"20\" data-emoji=\"\u2796\" aria-label=\"\u2796\" \/>Menors de 6 anys: es faran el TAR al centre atenci\u00f3 prim\u00e0ria (CAP).<\/p>\n<p style=\"text-align: justify;\"><img loading=\"lazy\" decoding=\"async\" class=\"an1\" src=\"https:\/\/fonts.gstatic.com\/s\/e\/notoemoji\/14.0\/0032_fe0f_20e3\/72.png\" alt=\"2\ufe0f\u20e3\" width=\"20\" height=\"20\" data-emoji=\"2\ufe0f\u20e3\" aria-label=\"2\ufe0f\u20e3\" \/> Professorat d\u2019educaci\u00f3 infantil, prim\u00e0ria i de centres d&#8217;educaci\u00f3 especial (amb pauta de vacunaci\u00f3 completa i asimptom\u00e0tic):<br \/>\n<img loading=\"lazy\" decoding=\"async\" class=\"an1\" src=\"https:\/\/fonts.gstatic.com\/s\/e\/notoemoji\/14.0\/2796\/72.png\" alt=\"\u2796\" width=\"20\" height=\"20\" data-emoji=\"\u2796\" aria-label=\"\u2796\" \/>Es faran el TAR a la farm\u00e0cia.<\/p>\n<p><img loading=\"lazy\" decoding=\"async\" class=\"an1\" src=\"https:\/\/fonts.gstatic.com\/s\/e\/notoemoji\/14.0\/203c_fe0f\/72.png\" alt=\"\u203c\ufe0f\" width=\"20\" height=\"20\" data-emoji=\"\u203c\ufe0f\" aria-label=\"\u203c\ufe0f\" \/> Pel que fa a aquests col\u00b7lectius:<\/p>\n<p style=\"text-align: justify;\"><img loading=\"lazy\" decoding=\"async\" class=\"an1\" src=\"https:\/\/fonts.gstatic.com\/s\/e\/notoemoji\/14.0\/2747_fe0f\/72.png\" alt=\"\u2747\ufe0f\" width=\"20\" height=\"20\" data-emoji=\"\u2747\ufe0f\" aria-label=\"\u2747\ufe0f\" \/> NO estar\u00e0 indicat el TAR a les persones q\u200b\u200bue hagin estat positives per covid-19 en els darrers 3 mesos.<\/p>\n<p style=\"text-align: justify;\"><img loading=\"lazy\" decoding=\"async\" class=\"an1\" src=\"https:\/\/fonts.gstatic.com\/s\/e\/notoemoji\/14.0\/2747_fe0f\/72.png\" alt=\"\u2747\ufe0f\" width=\"20\" height=\"20\" data-emoji=\"\u2747\ufe0f\" aria-label=\"\u2747\ufe0f\" \/> NO estar\u00e0 indicat el TAR a les persones que hagin de fer quarantena.<\/p>\n<p style=\"text-align: justify;\"><img loading=\"lazy\" decoding=\"async\" class=\"an1\" src=\"https:\/\/fonts.gstatic.com\/s\/e\/notoemoji\/14.0\/26a0_fe0f\/72.png\" alt=\"\u26a0\ufe0f\" width=\"20\" height=\"20\" data-emoji=\"\u26a0\ufe0f\" aria-label=\"\u26a0\ufe0f\" \/> Altres aspectes que cal tenir en compte:<\/p>\n<p style=\"text-align: justify;\"><img loading=\"lazy\" decoding=\"async\" class=\"an1\" src=\"https:\/\/fonts.gstatic.com\/s\/e\/notoemoji\/14.0\/1f53a\/72.png\" alt=\"\ud83d\udd3a\" width=\"20\" height=\"20\" data-emoji=\"\ud83d\udd3a\" aria-label=\"\ud83d\udd3a\" \/> De manera puntual, i per indicaci\u00f3 del SVE (Servei de Vigil\u00e0ncia Epidemiol\u00f2gica) es podr\u00e0 activar manualment l\u2019autoritzaci\u00f3 de TAR per a qualsevol alumne, alumna o docent al marge dels col\u00b7lectius esmentats.<\/p>\n<p style=\"text-align: center;\"><a href=\"https:\/\/agora.xtec.cat\/ceipmarianao\/wp-content\/uploads\/usu17\/2022\/02\/Quarantena-1.png\"><img loading=\"lazy\" decoding=\"async\" class=\"aligncenter wp-image-4007\" src=\"https:\/\/agora.xtec.cat\/ceipmarianao\/wp-content\/uploads\/usu17\/2022\/02\/Quarantena-1-300x175.png\" alt=\"\" width=\"435\" height=\"254\" srcset=\"https:\/\/agora.xtec.cat\/ceipmarianao\/wp-content\/uploads\/usu17\/2022\/02\/Quarantena-1-300x175.png 300w, https:\/\/agora.xtec.cat\/ceipmarianao\/wp-content\/uploads\/usu17\/2022\/02\/Quarantena-1-1024x597.png 1024w, https:\/\/agora.xtec.cat\/ceipmarianao\/wp-content\/uploads\/usu17\/2022\/02\/Quarantena-1-768x448.png 768w, https:\/\/agora.xtec.cat\/ceipmarianao\/wp-content\/uploads\/usu17\/2022\/02\/Quarantena-1.png 1282w\" sizes=\"auto, (max-width: 435px) 100vw, 435px\" \/><\/a><\/p>\n","protected":false},"excerpt":{"rendered":"<p> A partir de dilluns 7 de febrer:<br \/>\n Se susp\u00e8n la realitzaci\u00f3 dels tests d&#8217;ant\u00edgens r\u00e0pids (TAR) quan es produeixi un o diversos casos positius al GCE a l\u2019alumnat d&#8217;:<br \/>\n Educaci\u00f3 infantil<br \/>\n Educaci\u00f3 Prim\u00e0ria<br \/>\n Educaci\u00f3 Secund\u00e0ria i<br \/>\n Batxillerat i Cicles<br \/>\n Les quarantenes es mantenen igual.<br \/>\nEXCEPCI\u00d3<br \/>\nLa&hellip;  <a href=\"https:\/\/agora.xtec.cat\/ceipmarianao\/general\/canvi-en-el-protocol-de-gestio-de-casos-covid-19-als-centres-educatius\/\" title=\"Read CANVI EN EL PROTOCOL DE GESTI\u00d3 DE CASOS COVID-19 ALS CENTRES EDUCATIUS\">Llegeix m\u00e9s\u00bb<\/a><\/p>\n","protected":false},"author":3,"featured_media":0,"comment_status":"closed","ping_status":"closed","sticky":false,"template":"","format":"standard","meta":{"_bbp_topic_count":0,"_bbp_reply_count":0,"_bbp_total_topic_count":0,"_bbp_total_reply_count":0,"_bbp_voice_count":0,"_bbp_anonymous_reply_count":0,"_bbp_topic_count_hidden":0,"_bbp_reply_count_hidden":0,"_bbp_forum_subforum_count":0,"footnotes":""},"categories":[1,28,4],"tags":[],"class_list":["post-4004","post","type-post","status-publish","format-standard","hentry","category-general","category-noticies-portada","category-portada"],"post_mailing_queue_ids":[],"_links":{"self":[{"href":"https:\/\/agora.xtec.cat\/ceipmarianao\/wp-json\/wp\/v2\/posts\/4004","targetHints":{"allow":["GET"]}}],"collection":[{"href":"https:\/\/agora.xtec.cat\/ceipmarianao\/wp-json\/wp\/v2\/posts"}],"about":[{"href":"https:\/\/agora.xtec.cat\/ceipmarianao\/wp-json\/wp\/v2\/types\/post"}],"author":[{"embeddable":true,"href":"https:\/\/agora.xtec.cat\/ceipmarianao\/wp-json\/wp\/v2\/users\/3"}],"replies":[{"embeddable":true,"href":"https:\/\/agora.xtec.cat\/ceipmarianao\/wp-json\/wp\/v2\/comments?post=4004"}],"version-history":[{"count":3,"href":"https:\/\/agora.xtec.cat\/ceipmarianao\/wp-json\/wp\/v2\/posts\/4004\/revisions"}],"predecessor-version":[{"id":4010,"href":"https:\/\/agora.xtec.cat\/ceipmarianao\/wp-json\/wp\/v2\/posts\/4004\/revisions\/4010"}],"wp:attachment":[{"href":"https:\/\/agora.xtec.cat\/ceipmarianao\/wp-json\/wp\/v2\/media?parent=4004"}],"wp:term":[{"taxonomy":"category","embeddable":true,"href":"https:\/\/agora.xtec.cat\/ceipmarianao\/wp-json\/wp\/v2\/categories?post=4004"},{"taxonomy":"post_tag","embeddable":true,"href":"https:\/\/agora.xtec.cat\/ceipmarianao\/wp-json\/wp\/v2\/tags?post=4004"}],"curies":[{"name":"wp","href":"https:\/\/api.w.org\/{rel}","templated":true}]}}