{"id":3961,"date":"2022-02-20T12:40:01","date_gmt":"2022-02-20T11:40:01","guid":{"rendered":"https:\/\/agora.xtec.cat\/ceipmarianao\/?p=3961"},"modified":"2022-04-21T10:19:54","modified_gmt":"2022-04-21T08:19:54","slug":"jornada-portes-obertes-2022","status":"publish","type":"post","link":"https:\/\/agora.xtec.cat\/ceipmarianao\/general\/jornada-portes-obertes-2022\/","title":{"rendered":"JORNADA DE PORTES OBERTES 2022"},"content":{"rendered":"<p style=\"text-align: center;\"><a href=\"https:\/\/agora.xtec.cat\/ceipmarianao\/wp-content\/uploads\/usu17\/2022\/02\/triptic-2022-A.jpg\"><img loading=\"lazy\" decoding=\"async\" class=\"wp-image-3990\" src=\"https:\/\/agora.xtec.cat\/ceipmarianao\/wp-content\/uploads\/usu17\/2022\/02\/triptic-2022-A-300x212.jpg\" alt=\"\" width=\"504\" height=\"356\" srcset=\"https:\/\/agora.xtec.cat\/ceipmarianao\/wp-content\/uploads\/usu17\/2022\/02\/triptic-2022-A-300x212.jpg 300w, https:\/\/agora.xtec.cat\/ceipmarianao\/wp-content\/uploads\/usu17\/2022\/02\/triptic-2022-A-1024x724.jpg 1024w, https:\/\/agora.xtec.cat\/ceipmarianao\/wp-content\/uploads\/usu17\/2022\/02\/triptic-2022-A-768x543.jpg 768w, https:\/\/agora.xtec.cat\/ceipmarianao\/wp-content\/uploads\/usu17\/2022\/02\/triptic-2022-A-1536x1086.jpg 1536w, https:\/\/agora.xtec.cat\/ceipmarianao\/wp-content\/uploads\/usu17\/2022\/02\/triptic-2022-A.jpg 1754w\" sizes=\"auto, (max-width: 504px) 100vw, 504px\" \/><\/a><\/p>\n<p style=\"text-align: justify;\">Benvinguts i benvingudes a l&#8217;Escola Marianao!<\/p>\n<p style=\"text-align: justify;\">De cara al proc\u00e9s de preinscripci\u00f3, aquest curs hem programat:<\/p>\n<p style=\"text-align: justify;\">Una <strong>jornada de portes obertes telem\u00e0tica<\/strong>, mitjan\u00e7ant una reuni\u00f3 virtual, per a explicar el Projecte Educatiu de Centre (PEC) i aclarir els possibles dubtes que hi pugui haver: <strong>divendres 4 de mar\u00e7 a les 15:15h<\/strong>.<\/p>\n<p style=\"text-align: justify;\">Una <strong>jornada de portes obertes presencial<\/strong>, per a visitar les instal\u00b7lacions: <strong>divendres 4 de mar\u00e7, a les 17:15h o a les 18:15h <\/strong>(m\u00e0xim dos adults per infant i els infants no hi podran assistir).<\/p>\n<p style=\"text-align: justify;\">Si esteu interessats a participar-hi, haur\u00edeu d&#8217;emplenar aquest <a href=\"https:\/\/forms.gle\/mMjRUfDq9RSCX7338\">formulari<\/a> (ja no accepta respostes, si alg\u00fa hi vol participar hauria de contactar amb l&#8217;escola o via telef\u00f2nica o via correu electr\u00f2nic) i dimarts 1 de mar\u00e7 us enviar\u00edem per correu l&#8217;enlla\u00e7 al Meet de la reuni\u00f3 virtual i us confirmar\u00edem l&#8217;assist\u00e8ncia a la reuni\u00f3 presencial.<\/p>\n<p style=\"text-align: justify;\">A continuaci\u00f3 us deixem una presentaci\u00f3 perqu\u00e8 ens pugueu con\u00e8ixer una mica m\u00e9s i us animem a fer una ullada a aquest web i als <a href=\"https:\/\/agora.xtec.cat\/ceipmarianao\/nivells\/\">blocs<\/a> amb les activitats que acostumen a fer els infants dels diferents nivells i cicles.<\/p>\n<p style=\"text-align: justify;\">Tamb\u00e9 podeu trobar informaci\u00f3 al Web Sant Boi Ciutat Educadora:\u00a0<a href=\"http:\/\/www.sbciutateducadora.cat\/\" target=\"_blank\" rel=\"noopener\" data-saferedirecturl=\"https:\/\/www.google.com\/url?q=http:\/\/www.sbciutateducadora.cat\/&amp;source=gmail&amp;ust=1645092399123000&amp;usg=AOvVaw0_ivKJJafWqGIn7ZtxoMs7\">http:\/\/www.<wbr \/>sbciutateducadora.cat\/<\/a><\/p>\n<p style=\"text-align: center;\"><a href=\"https:\/\/drive.google.com\/file\/d\/1nSdDxR4Oebf_gpwUntVtRp-Nv6faSLXD\/view?usp=sharing\"><img loading=\"lazy\" decoding=\"async\" class=\"alignnone wp-image-4125\" src=\"https:\/\/agora.xtec.cat\/ceipmarianao\/wp-content\/uploads\/usu17\/2022\/02\/Preinscripcio-1024x636.png\" alt=\"\" width=\"705\" height=\"438\" srcset=\"https:\/\/agora.xtec.cat\/ceipmarianao\/wp-content\/uploads\/usu17\/2022\/02\/Preinscripcio-1024x636.png 1024w, https:\/\/agora.xtec.cat\/ceipmarianao\/wp-content\/uploads\/usu17\/2022\/02\/Preinscripcio-300x186.png 300w, https:\/\/agora.xtec.cat\/ceipmarianao\/wp-content\/uploads\/usu17\/2022\/02\/Preinscripcio-768x477.png 768w, https:\/\/agora.xtec.cat\/ceipmarianao\/wp-content\/uploads\/usu17\/2022\/02\/Preinscripcio.png 1281w\" sizes=\"auto, (max-width: 705px) 100vw, 705px\" \/><\/a><\/p>\n<p>&nbsp;<\/p>\n","protected":false},"excerpt":{"rendered":"<p><a href=\"https:\/\/agora.xtec.cat\/ceipmarianao\/wp-content\/uploads\/usu17\/2022\/02\/triptic-2022-A.jpg\"><\/a><br \/>\nBenvinguts i benvingudes a l&#8217;Escola Marianao!<br \/>\nDe cara al proc\u00e9s de preinscripci\u00f3, aquest curs hem programat:<br \/>\nUna jornada de portes obertes telem\u00e0tica, mitjan\u00e7ant una reuni\u00f3 virtual, per a explicar el Projecte Educatiu de Centre (PEC) i aclarir els possibles dubtes que hi pugui haver: divendres 4&hellip;  <a href=\"https:\/\/agora.xtec.cat\/ceipmarianao\/general\/jornada-portes-obertes-2022\/\" title=\"Read JORNADA DE PORTES OBERTES 2022\">Llegeix m\u00e9s\u00bb<\/a><\/p>\n","protected":false},"author":3,"featured_media":0,"comment_status":"closed","ping_status":"closed","sticky":false,"template":"","format":"standard","meta":{"_bbp_topic_count":0,"_bbp_reply_count":0,"_bbp_total_topic_count":0,"_bbp_total_reply_count":0,"_bbp_voice_count":0,"_bbp_anonymous_reply_count":0,"_bbp_topic_count_hidden":0,"_bbp_reply_count_hidden":0,"_bbp_forum_subforum_count":0,"footnotes":""},"categories":[1,28,4],"tags":[],"class_list":["post-3961","post","type-post","status-publish","format-standard","hentry","category-general","category-noticies-portada","category-portada"],"post_mailing_queue_ids":[],"_links":{"self":[{"href":"https:\/\/agora.xtec.cat\/ceipmarianao\/wp-json\/wp\/v2\/posts\/3961","targetHints":{"allow":["GET"]}}],"collection":[{"href":"https:\/\/agora.xtec.cat\/ceipmarianao\/wp-json\/wp\/v2\/posts"}],"about":[{"href":"https:\/\/agora.xtec.cat\/ceipmarianao\/wp-json\/wp\/v2\/types\/post"}],"author":[{"embeddable":true,"href":"https:\/\/agora.xtec.cat\/ceipmarianao\/wp-json\/wp\/v2\/users\/3"}],"replies":[{"embeddable":true,"href":"https:\/\/agora.xtec.cat\/ceipmarianao\/wp-json\/wp\/v2\/comments?post=3961"}],"version-history":[{"count":5,"href":"https:\/\/agora.xtec.cat\/ceipmarianao\/wp-json\/wp\/v2\/posts\/3961\/revisions"}],"predecessor-version":[{"id":4128,"href":"https:\/\/agora.xtec.cat\/ceipmarianao\/wp-json\/wp\/v2\/posts\/3961\/revisions\/4128"}],"wp:attachment":[{"href":"https:\/\/agora.xtec.cat\/ceipmarianao\/wp-json\/wp\/v2\/media?parent=3961"}],"wp:term":[{"taxonomy":"category","embeddable":true,"href":"https:\/\/agora.xtec.cat\/ceipmarianao\/wp-json\/wp\/v2\/categories?post=3961"},{"taxonomy":"post_tag","embeddable":true,"href":"https:\/\/agora.xtec.cat\/ceipmarianao\/wp-json\/wp\/v2\/tags?post=3961"}],"curies":[{"name":"wp","href":"https:\/\/api.w.org\/{rel}","templated":true}]}}