{"id":3924,"date":"2021-11-29T16:02:37","date_gmt":"2021-11-29T15:02:37","guid":{"rendered":"https:\/\/agora.xtec.cat\/ceipmarianao\/?p=3924"},"modified":"2022-02-14T12:40:35","modified_gmt":"2022-02-14T11:40:35","slug":"santa-cecilia-dia-de-la-musica","status":"publish","type":"post","link":"https:\/\/agora.xtec.cat\/ceipmarianao\/portada\/santa-cecilia-dia-de-la-musica\/","title":{"rendered":"SANTA CEC\u00cdLIA (DIA DE LA M\u00daSICA)"},"content":{"rendered":"<p style=\"text-align: justify;\">El dia 22 de novembre vam celebrar la Diada de Santa Cec\u00edlia, patrona dels m\u00fasics, participant en diferents cercles de percussi\u00f3. Vam tenir l\u2019oportunitat de fer m\u00fasica plegats amb instruments molt variats i de gaudir d\u2019una activitat inclusiva, conjunta i espont\u00e0nia, jugant, explorant i creant en equip.<\/p>\n<p style=\"text-align: center;\"><iframe loading=\"lazy\" title=\"YouTube video player\" src=\"\/\/www.youtube.com\/embed\/9Rkded8y4gU\" width=\"560\" height=\"315\" frameborder=\"0\" allowfullscreen=\"allowfullscreen\"><\/iframe><\/p>\n","protected":false},"excerpt":{"rendered":"<p>El dia 22 de novembre vam celebrar la Diada de Santa Cec\u00edlia, patrona dels m\u00fasics, participant en diferents cercles de percussi\u00f3. Vam tenir l\u2019oportunitat de fer m\u00fasica plegats amb instruments molt variats i de gaudir d\u2019una activitat inclusiva, conjunta i espont\u00e0nia, jugant, explorant i creant&hellip;  <a href=\"https:\/\/agora.xtec.cat\/ceipmarianao\/portada\/santa-cecilia-dia-de-la-musica\/\" title=\"Read SANTA CEC\u00cdLIA (DIA DE LA M\u00daSICA)\">Llegeix m\u00e9s\u00bb<\/a><\/p>\n","protected":false},"author":1,"featured_media":0,"comment_status":"closed","ping_status":"closed","sticky":false,"template":"","format":"standard","meta":{"_bbp_topic_count":0,"_bbp_reply_count":0,"_bbp_total_topic_count":0,"_bbp_total_reply_count":0,"_bbp_voice_count":0,"_bbp_anonymous_reply_count":0,"_bbp_topic_count_hidden":0,"_bbp_reply_count_hidden":0,"_bbp_forum_subforum_count":0,"footnotes":""},"categories":[28,4],"tags":[],"class_list":["post-3924","post","type-post","status-publish","format-standard","hentry","category-noticies-portada","category-portada"],"post_mailing_queue_ids":[],"_links":{"self":[{"href":"https:\/\/agora.xtec.cat\/ceipmarianao\/wp-json\/wp\/v2\/posts\/3924","targetHints":{"allow":["GET"]}}],"collection":[{"href":"https:\/\/agora.xtec.cat\/ceipmarianao\/wp-json\/wp\/v2\/posts"}],"about":[{"href":"https:\/\/agora.xtec.cat\/ceipmarianao\/wp-json\/wp\/v2\/types\/post"}],"author":[{"embeddable":true,"href":"https:\/\/agora.xtec.cat\/ceipmarianao\/wp-json\/wp\/v2\/users\/1"}],"replies":[{"embeddable":true,"href":"https:\/\/agora.xtec.cat\/ceipmarianao\/wp-json\/wp\/v2\/comments?post=3924"}],"version-history":[{"count":3,"href":"https:\/\/agora.xtec.cat\/ceipmarianao\/wp-json\/wp\/v2\/posts\/3924\/revisions"}],"predecessor-version":[{"id":4059,"href":"https:\/\/agora.xtec.cat\/ceipmarianao\/wp-json\/wp\/v2\/posts\/3924\/revisions\/4059"}],"wp:attachment":[{"href":"https:\/\/agora.xtec.cat\/ceipmarianao\/wp-json\/wp\/v2\/media?parent=3924"}],"wp:term":[{"taxonomy":"category","embeddable":true,"href":"https:\/\/agora.xtec.cat\/ceipmarianao\/wp-json\/wp\/v2\/categories?post=3924"},{"taxonomy":"post_tag","embeddable":true,"href":"https:\/\/agora.xtec.cat\/ceipmarianao\/wp-json\/wp\/v2\/tags?post=3924"}],"curies":[{"name":"wp","href":"https:\/\/api.w.org\/{rel}","templated":true}]}}