{"id":3899,"date":"2021-11-12T12:41:17","date_gmt":"2021-11-12T11:41:17","guid":{"rendered":"https:\/\/agora.xtec.cat\/ceipmarianao\/?p=3899"},"modified":"2021-12-17T10:27:40","modified_gmt":"2021-12-17T09:27:40","slug":"canvi-numero-de-telefon-escola-marianao-important","status":"publish","type":"post","link":"https:\/\/agora.xtec.cat\/ceipmarianao\/general\/canvi-numero-de-telefon-escola-marianao-important\/","title":{"rendered":"CANVI N\u00daMERO DE TEL\u00c8FON ESCOLA MARIANAO (IMPORTANT!!!)"},"content":{"rendered":"<div>\n<p style=\"text-align: justify;\">Per motius aliens al centre, ens hem vist obligades a canviar el n\u00famero de tel\u00e8fon de l&#8217;escola per a disposar de l\u00ednia de veu, tant per a fer trucades com per a rebre-les, ja que la l\u00ednia que ten\u00edem era molt antiga i no era compatible, segons la companyia telef\u00f2nica, amb la tecnologia actual.<\/p>\n<p style=\"text-align: justify;\">El n\u00famero antic ja no est\u00e0 operatiu.<\/p>\n<h1 style=\"text-align: center;\">El nou n\u00famero de tel\u00e8fon \u00e9s el <strong>93 244 98 76<\/strong><\/h1>\n<\/div>\n<div style=\"text-align: center;\"><a href=\"https:\/\/agora.xtec.cat\/ceipmarianao\/wp-content\/uploads\/usu17\/2021\/11\/images.png\"><img loading=\"lazy\" decoding=\"async\" class=\"aligncenter wp-image-3901\" src=\"https:\/\/agora.xtec.cat\/ceipmarianao\/wp-content\/uploads\/usu17\/2021\/11\/images.png\" alt=\"\" width=\"300\" height=\"157\" \/><\/a><\/div>\n","protected":false},"excerpt":{"rendered":"<p>Per motius aliens al centre, ens hem vist obligades a canviar el n\u00famero de tel\u00e8fon de l&#8217;escola per a disposar de l\u00ednia de veu, tant per a fer trucades com per a rebre-les, ja que la l\u00ednia que ten\u00edem era molt antiga i no era&hellip;  <a href=\"https:\/\/agora.xtec.cat\/ceipmarianao\/general\/canvi-numero-de-telefon-escola-marianao-important\/\" title=\"Read CANVI N\u00daMERO DE TEL\u00c8FON ESCOLA MARIANAO (IMPORTANT!!!)\">Llegeix m\u00e9s\u00bb<\/a><\/p>\n","protected":false},"author":3,"featured_media":0,"comment_status":"closed","ping_status":"closed","sticky":false,"template":"","format":"standard","meta":{"_bbp_topic_count":0,"_bbp_reply_count":0,"_bbp_total_topic_count":0,"_bbp_total_reply_count":0,"_bbp_voice_count":0,"_bbp_anonymous_reply_count":0,"_bbp_topic_count_hidden":0,"_bbp_reply_count_hidden":0,"_bbp_forum_subforum_count":0,"footnotes":""},"categories":[1,28,4],"tags":[],"class_list":["post-3899","post","type-post","status-publish","format-standard","hentry","category-general","category-noticies-portada","category-portada"],"post_mailing_queue_ids":[],"_links":{"self":[{"href":"https:\/\/agora.xtec.cat\/ceipmarianao\/wp-json\/wp\/v2\/posts\/3899","targetHints":{"allow":["GET"]}}],"collection":[{"href":"https:\/\/agora.xtec.cat\/ceipmarianao\/wp-json\/wp\/v2\/posts"}],"about":[{"href":"https:\/\/agora.xtec.cat\/ceipmarianao\/wp-json\/wp\/v2\/types\/post"}],"author":[{"embeddable":true,"href":"https:\/\/agora.xtec.cat\/ceipmarianao\/wp-json\/wp\/v2\/users\/3"}],"replies":[{"embeddable":true,"href":"https:\/\/agora.xtec.cat\/ceipmarianao\/wp-json\/wp\/v2\/comments?post=3899"}],"version-history":[{"count":3,"href":"https:\/\/agora.xtec.cat\/ceipmarianao\/wp-json\/wp\/v2\/posts\/3899\/revisions"}],"predecessor-version":[{"id":3903,"href":"https:\/\/agora.xtec.cat\/ceipmarianao\/wp-json\/wp\/v2\/posts\/3899\/revisions\/3903"}],"wp:attachment":[{"href":"https:\/\/agora.xtec.cat\/ceipmarianao\/wp-json\/wp\/v2\/media?parent=3899"}],"wp:term":[{"taxonomy":"category","embeddable":true,"href":"https:\/\/agora.xtec.cat\/ceipmarianao\/wp-json\/wp\/v2\/categories?post=3899"},{"taxonomy":"post_tag","embeddable":true,"href":"https:\/\/agora.xtec.cat\/ceipmarianao\/wp-json\/wp\/v2\/tags?post=3899"}],"curies":[{"name":"wp","href":"https:\/\/api.w.org\/{rel}","templated":true}]}}