{"id":3638,"date":"2021-03-09T18:37:31","date_gmt":"2021-03-09T17:37:31","guid":{"rendered":"https:\/\/agora.xtec.cat\/ceipmarianao\/?p=3638"},"modified":"2021-06-28T09:59:42","modified_gmt":"2021-06-28T07:59:42","slug":"preinscripcio-curs-2021-2022","status":"publish","type":"post","link":"https:\/\/agora.xtec.cat\/ceipmarianao\/general\/preinscripcio-curs-2021-2022\/","title":{"rendered":"PREINSCRIPCI\u00d3 I MATR\u00cdCULA CURS 2021-2022"},"content":{"rendered":"<p style=\"text-align: justify;\">A partir de dilluns <strong>14 de juny, i fins a divendres 18, s\u2019obre el termini de matr\u00edcula<\/strong>\u00a0per al curs 2021-2022.<\/p>\n<p style=\"text-align: justify;\">Podeu agafar cita pr\u00e8via trucant al tel\u00e8fon del centre: <strong>93 6401163<\/strong><\/p>\n<p style=\"text-align: justify;\">Per a fer la matr\u00edcula necessitareu portar:<\/p>\n<p style=\"text-align: justify;\"><b>ORIGINAL I FOTOC\u00d2PIA<\/b>\u00a0de:<\/p>\n<ul style=\"list-style-type: disc; text-align: justify;\">\n<li>DNI\/NIE\/PASSAPORT vigent dels pares i de l\u2019infant, si en t\u00e9.<\/li>\n<li>Llibre de vacunes.<\/li>\n<li>Targeta sanit\u00e0ria (TIS).<\/li>\n<li>Una foto mida carnet del nen o nena (P3, P4 o P5).<\/li>\n<\/ul>\n<p style=\"text-align: justify;\">A m\u00e9s, caldr\u00e0 que tingueu a m\u00e0 el n\u00famero de compte bancari (IBAN) on voldreu que se us carreguin les quotes de material i de sortides, pr\u00e8via autoritzaci\u00f3.<\/p>\n<p style=\"text-align: center;\"><img loading=\"lazy\" decoding=\"async\" id=\"669ed7cd-64e6-438b-9e18-57141357aa26\" class=\"fr-fic fr-dib aligncenter\" src=\"https:\/\/s3-eu-west-1.amazonaws.com\/genial.ly\/6023d172010ea80f74b8ff94\/1613739676776-1613739676776.png\" width=\"386\" height=\"289\" \/><\/p>\n<p style=\"text-align: center;\"><strong>La presentaci\u00f3 de sol\u00b7licituds es far\u00e0 del 15 al 24 de mar\u00e7<\/strong><\/p>\n<p style=\"text-align: center;\">Tel\u00e8fon: <strong>936401163<\/strong><\/p>\n<p style=\"text-align: center;\">Adre\u00e7a electr\u00f2nica: <strong>a8025599@xtec.cat<\/strong><\/p>\n<p style=\"text-align: center;\"><a href=\"https:\/\/preinscripcio.gencat.cat\/ca\/inici\/\" target=\"_blank\" rel=\"noopener noreferrer\">Web de la preinscripci\u00f3<\/a><\/p>\n<p style=\"text-align: center;\"><a href=\"https:\/\/open.spotify.com\/show\/1FmEnAGmA8krm6Ebm1oNLU?si=_4JxU7eZSoqw6qEpxmAdQQ\" target=\"_blank\" rel=\"noopener noreferrer\">Preinscripci\u00f3 escolar en l\u00ednia 2021-2022<\/a><\/p>\n<p style=\"text-align: center;\"><a href=\"https:\/\/youtu.be\/7Jz8gYBFCFM\" target=\"_blank\" rel=\"noopener noreferrer\">Com fer la sol\u00b7licitud de preinscripci\u00f3 online<\/a> (documentaci\u00f3)<\/p>\n<p style=\"text-align: center;\"><a href=\"https:\/\/seuelectronica.santboi.cat\/llibres.nsf\/ca-WebTemesperID\/1E8A8B9C5EF0C88E4125697E002EFA96?OpenDocument&amp;Clau=tramits&amp;Idioma=ca&amp;unid=41E0C9AFAEA816A7C1256D1A005645DB&amp;Seu=S\" target=\"_blank\" rel=\"noopener noreferrer\">\u200bCom obtenir el volant municipal de conviv\u00e8ncia (en cas que l&#8217;adre\u00e7a al\u00b7legada no coincideixi amb la del DNI)<\/a><\/p>\n<p style=\"text-align: center;\"><a href=\"https:\/\/drive.google.com\/file\/d\/1qBMsC83SjAYc8LkJu5X7UPBAt_2Tk2_V\/view?usp=sharing\" target=\"_blank\" rel=\"noopener noreferrer\">Calendari de preinscripci\u00f3<\/a><\/p>\n<p style=\"text-align: center;\"><a href=\"https:\/\/drive.google.com\/file\/d\/1PMU4zEj8tKQ0rIetqcxvfZJcT5uBfFfZ\/view?usp=sharing\">Barem<\/a><\/p>\n<p style=\"text-align: center;\"><a href=\"https:\/\/drive.google.com\/file\/d\/1Cn1k79nq_vPEaOdjROOnvGkKIzFk-SqJ\/view?usp=sharing\">Oferta inicial<\/a><\/p>\n<p style=\"text-align: center;\"><a href=\"https:\/\/drive.google.com\/file\/d\/1ZqzcTkW6Avc8t82zuB02Wr6vM985LIor\/view?usp=sharing\">Barem provisional<\/a><\/p>\n<p style=\"text-align: center;\"><a href=\"https:\/\/drive.google.com\/file\/d\/19u_LqmKD9vu33GR41pJJfBKYRDB3YNiQ\/view?usp=sharing\">Barem definitiu<\/a><\/p>\n<h4 style=\"text-align: center;\"><span style=\"color: #ff0000;\">El n\u00famero de desempat \u00e9s el 69.448<\/span><\/h4>\n<p style=\"text-align: center;\"><a href=\"https:\/\/drive.google.com\/file\/d\/1u79MMCYQs5BbyuSNJ2CMibZzXYAsocF4\/view?usp=sharing\">Llista definitiva de preinscrits<\/a><\/p>\n<p style=\"text-align: center;\"><a href=\"https:\/\/drive.google.com\/file\/d\/14v5C4fyC6rcsRxtXULxWiy-Z77qUinNj\/view?usp=sharing\">Oferta definitiva<\/a><\/p>\n<p style=\"text-align: center;\"><a href=\"https:\/\/drive.google.com\/file\/d\/1QW0l-U7fMF8ZeMgqsPq9fijKGiSMdEAp\/view?usp=sharing\">Llista admesos<\/a><\/p>\n<p style=\"text-align: center;\"><a href=\"https:\/\/drive.google.com\/file\/d\/1ExAoFtOBgixTEmSMh64Beln7syIAN97l\/view?usp=sharing\">Llista preinscrits i assignaci\u00f3<\/a><\/p>\n<p style=\"text-align: center;\"><a href=\"https:\/\/drive.google.com\/file\/d\/1K2H79yzbHg3R-_aIIILzrIoz5rvWCkrF\/view?usp=sharing\">Llista d&#8217;espera<\/a><\/p>\n<p>&nbsp;<\/p>\n","protected":false},"excerpt":{"rendered":"<p>A partir de dilluns 14 de juny, i fins a divendres 18, s\u2019obre el termini de matr\u00edcula\u00a0per al curs 2021-2022.<br \/>\nPodeu agafar cita pr\u00e8via trucant al tel\u00e8fon del centre: 93 6401163<br \/>\nPer a fer la matr\u00edcula necessitareu portar:<br \/>\nORIGINAL I FOTOC\u00d2PIA\u00a0de:<\/p>\n<ul style=\"list-style-type: disc; text-align: justify;\">\n<li>DNI\/NIE\/PASSAPORT vigent dels pares&hellip;  <a href=\"https:\/\/agora.xtec.cat\/ceipmarianao\/general\/preinscripcio-curs-2021-2022\/\" title=\"Read PREINSCRIPCI\u00d3 I MATR\u00cdCULA CURS 2021-2022\">Llegeix m\u00e9s\u00bb<\/a><br \/>\n","protected":false},"author":3,"featured_media":3642,"comment_status":"closed","ping_status":"closed","sticky":false,"template":"","format":"standard","meta":{"_bbp_topic_count":0,"_bbp_reply_count":0,"_bbp_total_topic_count":0,"_bbp_total_reply_count":0,"_bbp_voice_count":0,"_bbp_anonymous_reply_count":0,"_bbp_topic_count_hidden":0,"_bbp_reply_count_hidden":0,"_bbp_forum_subforum_count":0,"footnotes":""},"categories":[1,28,4],"tags":[],"class_list":["post-3638","post","type-post","status-publish","format-standard","has-post-thumbnail","hentry","category-general","category-noticies-portada","category-portada"],"post_mailing_queue_ids":[],"_links":{"self":[{"href":"https:\/\/agora.xtec.cat\/ceipmarianao\/wp-json\/wp\/v2\/posts\/3638","targetHints":{"allow":["GET"]}}],"collection":[{"href":"https:\/\/agora.xtec.cat\/ceipmarianao\/wp-json\/wp\/v2\/posts"}],"about":[{"href":"https:\/\/agora.xtec.cat\/ceipmarianao\/wp-json\/wp\/v2\/types\/post"}],"author":[{"embeddable":true,"href":"https:\/\/agora.xtec.cat\/ceipmarianao\/wp-json\/wp\/v2\/users\/3"}],"replies":[{"embeddable":true,"href":"https:\/\/agora.xtec.cat\/ceipmarianao\/wp-json\/wp\/v2\/comments?post=3638"}],"version-history":[{"count":3,"href":"https:\/\/agora.xtec.cat\/ceipmarianao\/wp-json\/wp\/v2\/posts\/3638\/revisions"}],"predecessor-version":[{"id":3718,"href":"https:\/\/agora.xtec.cat\/ceipmarianao\/wp-json\/wp\/v2\/posts\/3638\/revisions\/3718"}],"wp:featuredmedia":[{"embeddable":true,"href":"https:\/\/agora.xtec.cat\/ceipmarianao\/wp-json\/wp\/v2\/media\/3642"}],"wp:attachment":[{"href":"https:\/\/agora.xtec.cat\/ceipmarianao\/wp-json\/wp\/v2\/media?parent=3638"}],"wp:term":[{"taxonomy":"category","embeddable":true,"href":"https:\/\/agora.xtec.cat\/ceipmarianao\/wp-json\/wp\/v2\/categories?post=3638"},{"taxonomy":"post_tag","embeddable":true,"href":"https:\/\/agora.xtec.cat\/ceipmarianao\/wp-json\/wp\/v2\/tags?post=3638"}],"curies":[{"name":"wp","href":"https:\/\/api.w.org\/{rel}","templated":true}]}}