{"id":3510,"date":"2021-02-13T19:12:49","date_gmt":"2021-02-13T18:12:49","guid":{"rendered":"https:\/\/agora.xtec.cat\/ceipmarianao\/?p=3510"},"modified":"2021-02-18T12:15:14","modified_gmt":"2021-02-18T11:15:14","slug":"reunions-virtuals-portes-obertes","status":"publish","type":"post","link":"https:\/\/agora.xtec.cat\/ceipmarianao\/general\/reunions-virtuals-portes-obertes\/","title":{"rendered":"REUNIONS VIRTUALS PORTES OBERTES"},"content":{"rendered":"<div style=\"text-align: justify;\">\n<p>Aquest curs farem un format de portes obertes telem\u00e0tic, mitjan\u00e7ant reunions virtuals, dimarts 9 de mar\u00e7 a les 9:30 h i a les 17 h, on podreu fer-nos arribar i intentarem resoldre tots els vostres dubtes. Si hi esteu interessades a participar-hi haureu d&#8217;emplenar aquest <a href=\"https:\/\/forms.gle\/iPaKTqowrScMqrqg6\">formulari<\/a> i\u00a0 dilluns 8 de mar\u00e7 us enviarem l&#8217;enlla\u00e7 al Meet.<\/p>\n<p>Al primer article que hi ha a aquest web trobareu materials perqu\u00e8 ens pogueu con\u00e8ixer una mica m\u00e9s i informaci\u00f3 referent a la jornada de portes obertes virtual i la preinscripci\u00f3.<\/p>\n<\/div>\n<div><\/div>\n<div><\/div>\n<p><a href=\"https:\/\/agora.xtec.cat\/ceipmarianao\/wp-content\/uploads\/usu17\/2021\/02\/tr\u00edptic-2021-portada.jpg\"><img loading=\"lazy\" decoding=\"async\" class=\"aligncenter wp-image-3504\" src=\"https:\/\/agora.xtec.cat\/ceipmarianao\/wp-content\/uploads\/usu17\/2021\/02\/tr\u00edptic-2021-portada-300x212.jpg\" alt=\"\" width=\"509\" height=\"359\" srcset=\"https:\/\/agora.xtec.cat\/ceipmarianao\/wp-content\/uploads\/usu17\/2021\/02\/tr\u00edptic-2021-portada-300x212.jpg 300w, https:\/\/agora.xtec.cat\/ceipmarianao\/wp-content\/uploads\/usu17\/2021\/02\/tr\u00edptic-2021-portada-768x543.jpg 768w, https:\/\/agora.xtec.cat\/ceipmarianao\/wp-content\/uploads\/usu17\/2021\/02\/tr\u00edptic-2021-portada-1024x724.jpg 1024w, https:\/\/agora.xtec.cat\/ceipmarianao\/wp-content\/uploads\/usu17\/2021\/02\/tr\u00edptic-2021-portada.jpg 1754w\" sizes=\"auto, (max-width: 509px) 100vw, 509px\" \/><\/a><\/p>\n<div><\/div>\n<p style=\"text-align: center;\"><a href=\"https:\/\/agora.xtec.cat\/ceipmarianao\/wp-content\/uploads\/usu17\/2021\/02\/tr\u00edptic-2021-1.jpg\"><img loading=\"lazy\" decoding=\"async\" class=\"aligncenter wp-image-3571\" src=\"https:\/\/agora.xtec.cat\/ceipmarianao\/wp-content\/uploads\/usu17\/2021\/02\/tr\u00edptic-2021-1-300x212.jpg\" alt=\"\" width=\"510\" height=\"360\" srcset=\"https:\/\/agora.xtec.cat\/ceipmarianao\/wp-content\/uploads\/usu17\/2021\/02\/tr\u00edptic-2021-1-300x212.jpg 300w, https:\/\/agora.xtec.cat\/ceipmarianao\/wp-content\/uploads\/usu17\/2021\/02\/tr\u00edptic-2021-1-768x543.jpg 768w, https:\/\/agora.xtec.cat\/ceipmarianao\/wp-content\/uploads\/usu17\/2021\/02\/tr\u00edptic-2021-1-1024x724.jpg 1024w, https:\/\/agora.xtec.cat\/ceipmarianao\/wp-content\/uploads\/usu17\/2021\/02\/tr\u00edptic-2021-1.jpg 1754w\" sizes=\"auto, (max-width: 510px) 100vw, 510px\" \/><\/a><\/p>\n","protected":false},"excerpt":{"rendered":"<p>Aquest curs farem un format de portes obertes telem\u00e0tic, mitjan\u00e7ant reunions virtuals, dimarts 9 de mar\u00e7 a les 9:30 h i a les 17 h, on podreu fer-nos arribar i intentarem resoldre tots els vostres dubtes. Si hi esteu interessades a participar-hi haureu d&#8217;emplenar aquest&hellip;  <a href=\"https:\/\/agora.xtec.cat\/ceipmarianao\/general\/reunions-virtuals-portes-obertes\/\" title=\"Read REUNIONS VIRTUALS PORTES OBERTES\">Llegeix m\u00e9s\u00bb<\/a><\/p>\n","protected":false},"author":3,"featured_media":0,"comment_status":"closed","ping_status":"closed","sticky":false,"template":"","format":"standard","meta":{"_bbp_topic_count":0,"_bbp_reply_count":0,"_bbp_total_topic_count":0,"_bbp_total_reply_count":0,"_bbp_voice_count":0,"_bbp_anonymous_reply_count":0,"_bbp_topic_count_hidden":0,"_bbp_reply_count_hidden":0,"_bbp_forum_subforum_count":0,"footnotes":""},"categories":[1,28,4],"tags":[],"class_list":["post-3510","post","type-post","status-publish","format-standard","hentry","category-general","category-noticies-portada","category-portada"],"post_mailing_queue_ids":[],"_links":{"self":[{"href":"https:\/\/agora.xtec.cat\/ceipmarianao\/wp-json\/wp\/v2\/posts\/3510","targetHints":{"allow":["GET"]}}],"collection":[{"href":"https:\/\/agora.xtec.cat\/ceipmarianao\/wp-json\/wp\/v2\/posts"}],"about":[{"href":"https:\/\/agora.xtec.cat\/ceipmarianao\/wp-json\/wp\/v2\/types\/post"}],"author":[{"embeddable":true,"href":"https:\/\/agora.xtec.cat\/ceipmarianao\/wp-json\/wp\/v2\/users\/3"}],"replies":[{"embeddable":true,"href":"https:\/\/agora.xtec.cat\/ceipmarianao\/wp-json\/wp\/v2\/comments?post=3510"}],"version-history":[{"count":4,"href":"https:\/\/agora.xtec.cat\/ceipmarianao\/wp-json\/wp\/v2\/posts\/3510\/revisions"}],"predecessor-version":[{"id":3607,"href":"https:\/\/agora.xtec.cat\/ceipmarianao\/wp-json\/wp\/v2\/posts\/3510\/revisions\/3607"}],"wp:attachment":[{"href":"https:\/\/agora.xtec.cat\/ceipmarianao\/wp-json\/wp\/v2\/media?parent=3510"}],"wp:term":[{"taxonomy":"category","embeddable":true,"href":"https:\/\/agora.xtec.cat\/ceipmarianao\/wp-json\/wp\/v2\/categories?post=3510"},{"taxonomy":"post_tag","embeddable":true,"href":"https:\/\/agora.xtec.cat\/ceipmarianao\/wp-json\/wp\/v2\/tags?post=3510"}],"curies":[{"name":"wp","href":"https:\/\/api.w.org\/{rel}","templated":true}]}}