{"id":3456,"date":"2021-02-12T12:48:59","date_gmt":"2021-02-12T11:48:59","guid":{"rendered":"https:\/\/agora.xtec.cat\/ceipmarianao\/?p=3456"},"modified":"2023-02-09T09:49:00","modified_gmt":"2023-02-09T08:49:00","slug":"em-sento","status":"publish","type":"post","link":"https:\/\/agora.xtec.cat\/ceipmarianao\/projectes-dinfantil\/em-sento\/","title":{"rendered":"Em sento&#8230;"},"content":{"rendered":"<p style=\"text-align: center;\"><a href=\"https:\/\/agora.xtec.cat\/ceipmarianao\/wp-content\/uploads\/usu17\/2021\/02\/WhatsApp-Image-2023-02-01-at-12.53.39.jpeg\"><img loading=\"lazy\" decoding=\"async\" class=\"aligncenter size-medium wp-image-4568\" src=\"https:\/\/agora.xtec.cat\/ceipmarianao\/wp-content\/uploads\/usu17\/2021\/02\/WhatsApp-Image-2023-02-01-at-12.53.39-225x300.jpeg\" alt=\"\" width=\"225\" height=\"300\" srcset=\"https:\/\/agora.xtec.cat\/ceipmarianao\/wp-content\/uploads\/usu17\/2021\/02\/WhatsApp-Image-2023-02-01-at-12.53.39-225x300.jpeg 225w, https:\/\/agora.xtec.cat\/ceipmarianao\/wp-content\/uploads\/usu17\/2021\/02\/WhatsApp-Image-2023-02-01-at-12.53.39-768x1024.jpeg 768w, https:\/\/agora.xtec.cat\/ceipmarianao\/wp-content\/uploads\/usu17\/2021\/02\/WhatsApp-Image-2023-02-01-at-12.53.39-1152x1536.jpeg 1152w, https:\/\/agora.xtec.cat\/ceipmarianao\/wp-content\/uploads\/usu17\/2021\/02\/WhatsApp-Image-2023-02-01-at-12.53.39.jpeg 1536w\" sizes=\"auto, (max-width: 225px) 100vw, 225px\" \/><\/a><\/p>\n<p style=\"text-align: justify;\">L&#8217;educaci\u00f3 emocional \u00e9s un dels eixos transversals del centre. Tot i aix\u00f2, es treballa espec\u00edficament aquest projecte a I4. Cada setmana un infant explicar\u00e0 a la resta del grup coses que li provoquen diferents emocions: alegria, tristesa, calma, r\u00e0bia, por&#8230;<\/p>\n<p style=\"text-align: justify;\">A angl\u00e8s, a I4 i I5, es treballa com a rutina a cada sessi\u00f3.<\/p>\n<p>&nbsp;<\/p>\n","protected":false},"excerpt":{"rendered":"<p><a href=\"https:\/\/agora.xtec.cat\/ceipmarianao\/wp-content\/uploads\/usu17\/2021\/02\/WhatsApp-Image-2023-02-01-at-12.53.39.jpeg\"><\/a><br \/>\nL&#8217;educaci\u00f3 emocional \u00e9s un dels eixos transversals del centre. Tot i aix\u00f2, es treballa espec\u00edficament aquest projecte a I4. Cada setmana un infant explicar\u00e0 a la resta del grup coses que li provoquen diferents emocions: alegria, tristesa, calma, r\u00e0bia, por&#8230;<br \/>\nA angl\u00e8s, a I4 i&hellip;  <a href=\"https:\/\/agora.xtec.cat\/ceipmarianao\/projectes-dinfantil\/em-sento\/\" title=\"Read Em sento&#8230;\">Llegeix m\u00e9s\u00bb<\/a><\/p>\n","protected":false},"author":3,"featured_media":1050,"comment_status":"closed","ping_status":"closed","sticky":false,"template":"","format":"standard","meta":{"_bbp_topic_count":0,"_bbp_reply_count":0,"_bbp_total_topic_count":0,"_bbp_total_reply_count":0,"_bbp_voice_count":0,"_bbp_anonymous_reply_count":0,"_bbp_topic_count_hidden":0,"_bbp_reply_count_hidden":0,"_bbp_forum_subforum_count":0,"footnotes":""},"categories":[69],"tags":[],"class_list":["post-3456","post","type-post","status-publish","format-standard","has-post-thumbnail","hentry","category-projectes-dinfantil"],"post_mailing_queue_ids":[],"_links":{"self":[{"href":"https:\/\/agora.xtec.cat\/ceipmarianao\/wp-json\/wp\/v2\/posts\/3456","targetHints":{"allow":["GET"]}}],"collection":[{"href":"https:\/\/agora.xtec.cat\/ceipmarianao\/wp-json\/wp\/v2\/posts"}],"about":[{"href":"https:\/\/agora.xtec.cat\/ceipmarianao\/wp-json\/wp\/v2\/types\/post"}],"author":[{"embeddable":true,"href":"https:\/\/agora.xtec.cat\/ceipmarianao\/wp-json\/wp\/v2\/users\/3"}],"replies":[{"embeddable":true,"href":"https:\/\/agora.xtec.cat\/ceipmarianao\/wp-json\/wp\/v2\/comments?post=3456"}],"version-history":[{"count":3,"href":"https:\/\/agora.xtec.cat\/ceipmarianao\/wp-json\/wp\/v2\/posts\/3456\/revisions"}],"predecessor-version":[{"id":4569,"href":"https:\/\/agora.xtec.cat\/ceipmarianao\/wp-json\/wp\/v2\/posts\/3456\/revisions\/4569"}],"wp:featuredmedia":[{"embeddable":true,"href":"https:\/\/agora.xtec.cat\/ceipmarianao\/wp-json\/wp\/v2\/media\/1050"}],"wp:attachment":[{"href":"https:\/\/agora.xtec.cat\/ceipmarianao\/wp-json\/wp\/v2\/media?parent=3456"}],"wp:term":[{"taxonomy":"category","embeddable":true,"href":"https:\/\/agora.xtec.cat\/ceipmarianao\/wp-json\/wp\/v2\/categories?post=3456"},{"taxonomy":"post_tag","embeddable":true,"href":"https:\/\/agora.xtec.cat\/ceipmarianao\/wp-json\/wp\/v2\/tags?post=3456"}],"curies":[{"name":"wp","href":"https:\/\/api.w.org\/{rel}","templated":true}]}}