{"id":3426,"date":"2021-02-05T13:38:11","date_gmt":"2021-02-05T12:38:11","guid":{"rendered":"https:\/\/agora.xtec.cat\/ceipmarianao\/?p=3426"},"modified":"2021-02-17T14:44:21","modified_gmt":"2021-02-17T13:44:21","slug":"carnaval-2021","status":"publish","type":"post","link":"https:\/\/agora.xtec.cat\/ceipmarianao\/general\/carnaval-2021\/","title":{"rendered":"CARNAVAL 2021"},"content":{"rendered":"<p style=\"text-align: justify;\">El rei Carnestoltes ens ha enviat un correu electr\u00f2nic amb el preg\u00f3 de Carnaval i ens ha donat diferents consignes per a la setmana vinent (cliqueu a les imatges si voleu veure el preg\u00f3 i el programa en gran).<\/p>\n<p style=\"text-align: justify;\">Comen\u00e7a la festa, la gresca i la disbauxa!<\/p>\n<p>\u00a0 \u00a0 \u00a0 \u00a0 \u00a0 \u00a0 \u00a0 \u00a0 \u00a0 \u00a0 \u00a0 <a href=\"https:\/\/agora.xtec.cat\/ceipmarianao\/wp-content\/uploads\/usu17\/2021\/02\/Imatge-programa-1.png\"><img loading=\"lazy\" decoding=\"async\" class=\"wp-image-3427 aligncenter\" src=\"https:\/\/agora.xtec.cat\/ceipmarianao\/wp-content\/uploads\/usu17\/2021\/02\/Imatge-programa-1-1024x723.png\" alt=\"\" width=\"218\" height=\"153\" srcset=\"https:\/\/agora.xtec.cat\/ceipmarianao\/wp-content\/uploads\/usu17\/2021\/02\/Imatge-programa-1-1024x723.png 1024w, https:\/\/agora.xtec.cat\/ceipmarianao\/wp-content\/uploads\/usu17\/2021\/02\/Imatge-programa-1-300x212.png 300w, https:\/\/agora.xtec.cat\/ceipmarianao\/wp-content\/uploads\/usu17\/2021\/02\/Imatge-programa-1-768x542.png 768w, https:\/\/agora.xtec.cat\/ceipmarianao\/wp-content\/uploads\/usu17\/2021\/02\/Imatge-programa-1.png 1231w\" sizes=\"auto, (max-width: 218px) 100vw, 218px\" \/><\/a> \u00a0 \u00a0 \u00a0 \u00a0 <a href=\"https:\/\/agora.xtec.cat\/ceipmarianao\/wp-content\/uploads\/usu17\/2021\/02\/Imatge-programa-2.png\"><img loading=\"lazy\" decoding=\"async\" class=\"wp-image-3428 aligncenter\" src=\"https:\/\/agora.xtec.cat\/ceipmarianao\/wp-content\/uploads\/usu17\/2021\/02\/Imatge-programa-2-1024x721.png\" alt=\"\" width=\"192\" height=\"134\" srcset=\"https:\/\/agora.xtec.cat\/ceipmarianao\/wp-content\/uploads\/usu17\/2021\/02\/Imatge-programa-2-1024x721.png 1024w, https:\/\/agora.xtec.cat\/ceipmarianao\/wp-content\/uploads\/usu17\/2021\/02\/Imatge-programa-2-300x211.png 300w, https:\/\/agora.xtec.cat\/ceipmarianao\/wp-content\/uploads\/usu17\/2021\/02\/Imatge-programa-2-768x541.png 768w, https:\/\/agora.xtec.cat\/ceipmarianao\/wp-content\/uploads\/usu17\/2021\/02\/Imatge-programa-2.png 1229w\" sizes=\"auto, (max-width: 192px) 100vw, 192px\" \/><\/a><\/p>\n<p style=\"text-align: center;\"><a href=\"https:\/\/agora.xtec.cat\/ceipmarianao\/wp-content\/uploads\/usu17\/2021\/02\/carnestoltes-2021.jpg\"><img loading=\"lazy\" decoding=\"async\" class=\"alignnone wp-image-3432\" src=\"https:\/\/agora.xtec.cat\/ceipmarianao\/wp-content\/uploads\/usu17\/2021\/02\/carnestoltes-2021-724x1024.jpg\" alt=\"\" width=\"250\" height=\"354\" srcset=\"https:\/\/agora.xtec.cat\/ceipmarianao\/wp-content\/uploads\/usu17\/2021\/02\/carnestoltes-2021-724x1024.jpg 724w, https:\/\/agora.xtec.cat\/ceipmarianao\/wp-content\/uploads\/usu17\/2021\/02\/carnestoltes-2021-212x300.jpg 212w, https:\/\/agora.xtec.cat\/ceipmarianao\/wp-content\/uploads\/usu17\/2021\/02\/carnestoltes-2021-768x1086.jpg 768w, https:\/\/agora.xtec.cat\/ceipmarianao\/wp-content\/uploads\/usu17\/2021\/02\/carnestoltes-2021.jpg 1587w\" sizes=\"auto, (max-width: 250px) 100vw, 250px\" \/><\/a><\/p>\n<p style=\"text-align: justify;\">Aqu\u00ed us deixem un v\u00eddeo de la tarda de Carnaval. Quins animals tan xul\u00edssims!!!!<\/p>\n<p style=\"text-align: center;\"><iframe loading=\"lazy\" src=\"\/\/www.youtube.com\/embed\/10vZGVtC0Dk\" width=\"560\" height=\"315\" frameborder=\"0\"><\/iframe><\/p>\n<p style=\"text-align: justify;\">I els nens i nenes de 6\u00e8 ho van fer genial amenitzant la festa amb la batucada!!!<\/p>\n<p style=\"text-align: center;\"><iframe loading=\"lazy\" src=\"\/\/www.youtube.com\/embed\/HOZiq6pm2N4\" width=\"560\" height=\"315\" frameborder=\"0\"><\/iframe><\/p>\n<p>&nbsp;<\/p>\n","protected":false},"excerpt":{"rendered":"<p>El rei Carnestoltes ens ha enviat un correu electr\u00f2nic amb el preg\u00f3 de Carnaval i ens ha donat diferents consignes per a la setmana vinent (cliqueu a les imatges si voleu veure el preg\u00f3 i el programa en gran).<br \/>\nComen\u00e7a la festa, la gresca i la&hellip;  <a href=\"https:\/\/agora.xtec.cat\/ceipmarianao\/general\/carnaval-2021\/\" title=\"Read CARNAVAL 2021\">Llegeix m\u00e9s\u00bb<\/a><\/p>\n","protected":false},"author":3,"featured_media":0,"comment_status":"closed","ping_status":"closed","sticky":false,"template":"","format":"standard","meta":{"_bbp_topic_count":0,"_bbp_reply_count":0,"_bbp_total_topic_count":0,"_bbp_total_reply_count":0,"_bbp_voice_count":0,"_bbp_anonymous_reply_count":0,"_bbp_topic_count_hidden":0,"_bbp_reply_count_hidden":0,"_bbp_forum_subforum_count":0,"footnotes":""},"categories":[1,28,4],"tags":[],"class_list":["post-3426","post","type-post","status-publish","format-standard","hentry","category-general","category-noticies-portada","category-portada"],"post_mailing_queue_ids":[],"_links":{"self":[{"href":"https:\/\/agora.xtec.cat\/ceipmarianao\/wp-json\/wp\/v2\/posts\/3426","targetHints":{"allow":["GET"]}}],"collection":[{"href":"https:\/\/agora.xtec.cat\/ceipmarianao\/wp-json\/wp\/v2\/posts"}],"about":[{"href":"https:\/\/agora.xtec.cat\/ceipmarianao\/wp-json\/wp\/v2\/types\/post"}],"author":[{"embeddable":true,"href":"https:\/\/agora.xtec.cat\/ceipmarianao\/wp-json\/wp\/v2\/users\/3"}],"replies":[{"embeddable":true,"href":"https:\/\/agora.xtec.cat\/ceipmarianao\/wp-json\/wp\/v2\/comments?post=3426"}],"version-history":[{"count":4,"href":"https:\/\/agora.xtec.cat\/ceipmarianao\/wp-json\/wp\/v2\/posts\/3426\/revisions"}],"predecessor-version":[{"id":3594,"href":"https:\/\/agora.xtec.cat\/ceipmarianao\/wp-json\/wp\/v2\/posts\/3426\/revisions\/3594"}],"wp:attachment":[{"href":"https:\/\/agora.xtec.cat\/ceipmarianao\/wp-json\/wp\/v2\/media?parent=3426"}],"wp:term":[{"taxonomy":"category","embeddable":true,"href":"https:\/\/agora.xtec.cat\/ceipmarianao\/wp-json\/wp\/v2\/categories?post=3426"},{"taxonomy":"post_tag","embeddable":true,"href":"https:\/\/agora.xtec.cat\/ceipmarianao\/wp-json\/wp\/v2\/tags?post=3426"}],"curies":[{"name":"wp","href":"https:\/\/api.w.org\/{rel}","templated":true}]}}