{"id":3380,"date":"2020-12-16T11:15:52","date_gmt":"2020-12-16T10:15:52","guid":{"rendered":"https:\/\/agora.xtec.cat\/ceipmarianao\/?p=3380"},"modified":"2025-10-14T19:52:53","modified_gmt":"2025-10-14T17:52:53","slug":"bones-festes-i-bona-entrada-a-lany-nou-2021","status":"publish","type":"post","link":"https:\/\/agora.xtec.cat\/ceipmarianao\/general\/bones-festes-i-bona-entrada-a-lany-nou-2021\/","title":{"rendered":"BONES FESTES I BONA ENTRADA A L&#8217;ANY NOU 2021"},"content":{"rendered":"<p>&nbsp;<\/p>\n<p style=\"text-align: center;\"><a href=\"https:\/\/agora.xtec.cat\/ceipmarianao\/wp-content\/uploads\/usu17\/2020\/12\/Felicitaci\u00f3-Nadal.jpg\"><img loading=\"lazy\" decoding=\"async\" class=\"aligncenter wp-image-3381\" src=\"https:\/\/agora.xtec.cat\/ceipmarianao\/wp-content\/uploads\/usu17\/2020\/12\/Felicitaci\u00f3-Nadal-225x300.jpg\" alt=\"\" width=\"254\" height=\"339\" srcset=\"https:\/\/agora.xtec.cat\/ceipmarianao\/wp-content\/uploads\/usu17\/2020\/12\/Felicitaci\u00f3-Nadal-225x300.jpg 225w, https:\/\/agora.xtec.cat\/ceipmarianao\/wp-content\/uploads\/usu17\/2020\/12\/Felicitaci\u00f3-Nadal-768x1022.jpg 768w, https:\/\/agora.xtec.cat\/ceipmarianao\/wp-content\/uploads\/usu17\/2020\/12\/Felicitaci\u00f3-Nadal-769x1024.jpg 769w, https:\/\/agora.xtec.cat\/ceipmarianao\/wp-content\/uploads\/usu17\/2020\/12\/Felicitaci\u00f3-Nadal.jpg 2019w\" sizes=\"auto, (max-width: 254px) 100vw, 254px\" \/><\/a><\/p>\n<p style=\"text-align: justify;\">Aquest curs tan especial us volem desitjar unes bones festes i una bona entrada a l&#8217;any 2021 d&#8217;una manera tamb\u00e9 ben especial&#8230; Molt\u00edssimes gr\u00e0cies a la Irene Calero per composar i cantar aquesta nadala tan maca!<\/p>\n<p style=\"text-align: center;\"><iframe loading=\"lazy\" src=\"\/\/www.youtube.com\/embed\/Bu21ShP21Sg\" width=\"560\" height=\"315\" frameborder=\"0\"><\/iframe><\/p>\n","protected":false},"excerpt":{"rendered":"<p>&nbsp;<br \/>\n<a href=\"https:\/\/agora.xtec.cat\/ceipmarianao\/wp-content\/uploads\/usu17\/2020\/12\/Felicitaci\u00f3-Nadal.jpg\"><\/a><br \/>\nAquest curs tan especial us volem desitjar unes bones festes i una bona entrada a l&#8217;any 2021 d&#8217;una manera tamb\u00e9 ben especial&#8230; Molt\u00edssimes gr\u00e0cies a la Irene Calero per composar i cantar aquesta nadala tan maca!<\/p>\n","protected":false},"author":3,"featured_media":3382,"comment_status":"closed","ping_status":"closed","sticky":false,"template":"","format":"standard","meta":{"_bbp_topic_count":0,"_bbp_reply_count":0,"_bbp_total_topic_count":0,"_bbp_total_reply_count":0,"_bbp_voice_count":0,"_bbp_anonymous_reply_count":0,"_bbp_topic_count_hidden":0,"_bbp_reply_count_hidden":0,"_bbp_forum_subforum_count":0,"footnotes":""},"categories":[1,28,4],"tags":[],"class_list":["post-3380","post","type-post","status-publish","format-standard","has-post-thumbnail","hentry","category-general","category-noticies-portada","category-portada"],"post_mailing_queue_ids":[],"_links":{"self":[{"href":"https:\/\/agora.xtec.cat\/ceipmarianao\/wp-json\/wp\/v2\/posts\/3380","targetHints":{"allow":["GET"]}}],"collection":[{"href":"https:\/\/agora.xtec.cat\/ceipmarianao\/wp-json\/wp\/v2\/posts"}],"about":[{"href":"https:\/\/agora.xtec.cat\/ceipmarianao\/wp-json\/wp\/v2\/types\/post"}],"author":[{"embeddable":true,"href":"https:\/\/agora.xtec.cat\/ceipmarianao\/wp-json\/wp\/v2\/users\/3"}],"replies":[{"embeddable":true,"href":"https:\/\/agora.xtec.cat\/ceipmarianao\/wp-json\/wp\/v2\/comments?post=3380"}],"version-history":[{"count":5,"href":"https:\/\/agora.xtec.cat\/ceipmarianao\/wp-json\/wp\/v2\/posts\/3380\/revisions"}],"predecessor-version":[{"id":5470,"href":"https:\/\/agora.xtec.cat\/ceipmarianao\/wp-json\/wp\/v2\/posts\/3380\/revisions\/5470"}],"wp:featuredmedia":[{"embeddable":true,"href":"https:\/\/agora.xtec.cat\/ceipmarianao\/wp-json\/wp\/v2\/media\/3382"}],"wp:attachment":[{"href":"https:\/\/agora.xtec.cat\/ceipmarianao\/wp-json\/wp\/v2\/media?parent=3380"}],"wp:term":[{"taxonomy":"category","embeddable":true,"href":"https:\/\/agora.xtec.cat\/ceipmarianao\/wp-json\/wp\/v2\/categories?post=3380"},{"taxonomy":"post_tag","embeddable":true,"href":"https:\/\/agora.xtec.cat\/ceipmarianao\/wp-json\/wp\/v2\/tags?post=3380"}],"curies":[{"name":"wp","href":"https:\/\/api.w.org\/{rel}","templated":true}]}}