{"id":3347,"date":"2020-11-17T11:55:41","date_gmt":"2020-11-17T10:55:41","guid":{"rendered":"https:\/\/agora.xtec.cat\/ceipmarianao\/?p=3347"},"modified":"2020-11-17T12:13:42","modified_gmt":"2020-11-17T11:13:42","slug":"actualitzacio-pla-dorganitzacio-escola-marianao","status":"publish","type":"post","link":"https:\/\/agora.xtec.cat\/ceipmarianao\/general\/actualitzacio-pla-dorganitzacio-escola-marianao\/","title":{"rendered":"ACTUALITZACI\u00d3 PLA D&#8217;ORGANITZACI\u00d3 ESCOLA MARIANAO"},"content":{"rendered":"<p style=\"text-align: justify;\">Aqu\u00ed us deixem el Pla d&#8217;Organitzaci\u00f3 de l&#8217;Escola actualitzat: amb els noms dels i de les docents que encara no coneix\u00edem al setembre, amb el canvi dels dies de quarantena establerts per PROCICAT (de 14 a 10), amb el canvi d&#8217;espai on esmorzen els infants de Prim\u00e0ria&#8230;<\/p>\n<p style=\"text-align: center;\"><a href=\"https:\/\/drive.google.com\/file\/d\/1mQP3-Qp1AH2Ui1CZWrSao6fGZAb25vBE\/view?usp=sharing\"><img loading=\"lazy\" decoding=\"async\" class=\"aligncenter wp-image-3349\" src=\"https:\/\/agora.xtec.cat\/ceipmarianao\/wp-content\/uploads\/usu17\/2020\/11\/Sense-t\u00edtol-1-213x300.png\" alt=\"\" width=\"334\" height=\"470\" srcset=\"https:\/\/agora.xtec.cat\/ceipmarianao\/wp-content\/uploads\/usu17\/2020\/11\/Sense-t\u00edtol-1-213x300.png 213w, https:\/\/agora.xtec.cat\/ceipmarianao\/wp-content\/uploads\/usu17\/2020\/11\/Sense-t\u00edtol-1.png 544w\" sizes=\"auto, (max-width: 334px) 100vw, 334px\" \/><\/a><\/p>\n","protected":false},"excerpt":{"rendered":"<p>Aqu\u00ed us deixem el Pla d&#8217;Organitzaci\u00f3 de l&#8217;Escola actualitzat: amb els noms dels i de les docents que encara no coneix\u00edem al setembre, amb el canvi dels dies de quarantena establerts per PROCICAT (de 14 a 10), amb el canvi d&#8217;espai on esmorzen els infants&hellip;  <a href=\"https:\/\/agora.xtec.cat\/ceipmarianao\/general\/actualitzacio-pla-dorganitzacio-escola-marianao\/\" title=\"Read ACTUALITZACI\u00d3 PLA D&#8217;ORGANITZACI\u00d3 ESCOLA MARIANAO\">Llegeix m\u00e9s\u00bb<\/a><\/p>\n","protected":false},"author":3,"featured_media":0,"comment_status":"closed","ping_status":"closed","sticky":false,"template":"","format":"standard","meta":{"_bbp_topic_count":0,"_bbp_reply_count":0,"_bbp_total_topic_count":0,"_bbp_total_reply_count":0,"_bbp_voice_count":0,"_bbp_anonymous_reply_count":0,"_bbp_topic_count_hidden":0,"_bbp_reply_count_hidden":0,"_bbp_forum_subforum_count":0,"footnotes":""},"categories":[1,28,4],"tags":[],"class_list":["post-3347","post","type-post","status-publish","format-standard","hentry","category-general","category-noticies-portada","category-portada"],"post_mailing_queue_ids":[],"_links":{"self":[{"href":"https:\/\/agora.xtec.cat\/ceipmarianao\/wp-json\/wp\/v2\/posts\/3347","targetHints":{"allow":["GET"]}}],"collection":[{"href":"https:\/\/agora.xtec.cat\/ceipmarianao\/wp-json\/wp\/v2\/posts"}],"about":[{"href":"https:\/\/agora.xtec.cat\/ceipmarianao\/wp-json\/wp\/v2\/types\/post"}],"author":[{"embeddable":true,"href":"https:\/\/agora.xtec.cat\/ceipmarianao\/wp-json\/wp\/v2\/users\/3"}],"replies":[{"embeddable":true,"href":"https:\/\/agora.xtec.cat\/ceipmarianao\/wp-json\/wp\/v2\/comments?post=3347"}],"version-history":[{"count":3,"href":"https:\/\/agora.xtec.cat\/ceipmarianao\/wp-json\/wp\/v2\/posts\/3347\/revisions"}],"predecessor-version":[{"id":3354,"href":"https:\/\/agora.xtec.cat\/ceipmarianao\/wp-json\/wp\/v2\/posts\/3347\/revisions\/3354"}],"wp:attachment":[{"href":"https:\/\/agora.xtec.cat\/ceipmarianao\/wp-json\/wp\/v2\/media?parent=3347"}],"wp:term":[{"taxonomy":"category","embeddable":true,"href":"https:\/\/agora.xtec.cat\/ceipmarianao\/wp-json\/wp\/v2\/categories?post=3347"},{"taxonomy":"post_tag","embeddable":true,"href":"https:\/\/agora.xtec.cat\/ceipmarianao\/wp-json\/wp\/v2\/tags?post=3347"}],"curies":[{"name":"wp","href":"https:\/\/api.w.org\/{rel}","templated":true}]}}