{"id":3290,"date":"2020-09-28T16:54:13","date_gmt":"2020-09-28T14:54:13","guid":{"rendered":"https:\/\/agora.xtec.cat\/ceipmarianao\/?p=3290"},"modified":"2020-10-07T16:52:41","modified_gmt":"2020-10-07T14:52:41","slug":"equip-huma-curs-2020-2021","status":"publish","type":"post","link":"https:\/\/agora.xtec.cat\/ceipmarianao\/general\/equip-huma-curs-2020-2021\/","title":{"rendered":"EQUIP HUM\u00c0 CURS 2020-2021"},"content":{"rendered":"<p style=\"text-align: justify;\">Aqu\u00ed us deixem una imatge que val m\u00e9s que mil paraules i una frase que recull perfectament el sentiment de l&#8217;equip hum\u00e0 de la nostra escola: Junts tot \u00e9s possible!<\/p>\n<p style=\"text-align: center;\"><a href=\"https:\/\/agora.xtec.cat\/ceipmarianao\/wp-content\/uploads\/usu17\/2020\/09\/Foto-equip-hum\u00e0-20-21.jpg\"><img loading=\"lazy\" decoding=\"async\" class=\"alignnone wp-image-3292\" src=\"https:\/\/agora.xtec.cat\/ceipmarianao\/wp-content\/uploads\/usu17\/2020\/09\/Foto-equip-hum\u00e0-20-21-1024x819.jpg\" alt=\"\" width=\"399\" height=\"319\" srcset=\"https:\/\/agora.xtec.cat\/ceipmarianao\/wp-content\/uploads\/usu17\/2020\/09\/Foto-equip-hum\u00e0-20-21-1024x819.jpg 1024w, https:\/\/agora.xtec.cat\/ceipmarianao\/wp-content\/uploads\/usu17\/2020\/09\/Foto-equip-hum\u00e0-20-21-300x240.jpg 300w, https:\/\/agora.xtec.cat\/ceipmarianao\/wp-content\/uploads\/usu17\/2020\/09\/Foto-equip-hum\u00e0-20-21-768x614.jpg 768w, https:\/\/agora.xtec.cat\/ceipmarianao\/wp-content\/uploads\/usu17\/2020\/09\/Foto-equip-hum\u00e0-20-21.jpg 2000w\" sizes=\"auto, (max-width: 399px) 100vw, 399px\" \/><\/a><\/p>\n<p style=\"text-align: justify;\"><a href=\"https:\/\/drive.google.com\/file\/d\/1JlAC3GHFeR4ortTG2FE-6G9se3_Qhqwb\/view?usp=sharing\">Aqu\u00ed<\/a>\u00a0podeu consultar l\u2019equip hum\u00e0 del curs 2020-2021.<\/p>\n","protected":false},"excerpt":{"rendered":"<p>Aqu\u00ed us deixem una imatge que val m\u00e9s que mil paraules i una frase que recull perfectament el sentiment de l&#8217;equip hum\u00e0 de la nostra escola: Junts tot \u00e9s possible!<br \/>\n<a href=\"https:\/\/agora.xtec.cat\/ceipmarianao\/wp-content\/uploads\/usu17\/2020\/09\/Foto-equip-hum\u00e0-20-21.jpg\"><\/a><br \/>\n<a href=\"https:\/\/drive.google.com\/file\/d\/1JlAC3GHFeR4ortTG2FE-6G9se3_Qhqwb\/view?usp=sharing\">Aqu\u00ed<\/a>\u00a0podeu consultar l\u2019equip hum\u00e0 del curs 2020-2021.<\/p>\n","protected":false},"author":3,"featured_media":0,"comment_status":"closed","ping_status":"closed","sticky":false,"template":"","format":"standard","meta":{"_bbp_topic_count":0,"_bbp_reply_count":0,"_bbp_total_topic_count":0,"_bbp_total_reply_count":0,"_bbp_voice_count":0,"_bbp_anonymous_reply_count":0,"_bbp_topic_count_hidden":0,"_bbp_reply_count_hidden":0,"_bbp_forum_subforum_count":0,"footnotes":""},"categories":[1,28,4],"tags":[],"class_list":["post-3290","post","type-post","status-publish","format-standard","hentry","category-general","category-noticies-portada","category-portada"],"post_mailing_queue_ids":[],"_links":{"self":[{"href":"https:\/\/agora.xtec.cat\/ceipmarianao\/wp-json\/wp\/v2\/posts\/3290","targetHints":{"allow":["GET"]}}],"collection":[{"href":"https:\/\/agora.xtec.cat\/ceipmarianao\/wp-json\/wp\/v2\/posts"}],"about":[{"href":"https:\/\/agora.xtec.cat\/ceipmarianao\/wp-json\/wp\/v2\/types\/post"}],"author":[{"embeddable":true,"href":"https:\/\/agora.xtec.cat\/ceipmarianao\/wp-json\/wp\/v2\/users\/3"}],"replies":[{"embeddable":true,"href":"https:\/\/agora.xtec.cat\/ceipmarianao\/wp-json\/wp\/v2\/comments?post=3290"}],"version-history":[{"count":3,"href":"https:\/\/agora.xtec.cat\/ceipmarianao\/wp-json\/wp\/v2\/posts\/3290\/revisions"}],"predecessor-version":[{"id":3299,"href":"https:\/\/agora.xtec.cat\/ceipmarianao\/wp-json\/wp\/v2\/posts\/3290\/revisions\/3299"}],"wp:attachment":[{"href":"https:\/\/agora.xtec.cat\/ceipmarianao\/wp-json\/wp\/v2\/media?parent=3290"}],"wp:term":[{"taxonomy":"category","embeddable":true,"href":"https:\/\/agora.xtec.cat\/ceipmarianao\/wp-json\/wp\/v2\/categories?post=3290"},{"taxonomy":"post_tag","embeddable":true,"href":"https:\/\/agora.xtec.cat\/ceipmarianao\/wp-json\/wp\/v2\/tags?post=3290"}],"curies":[{"name":"wp","href":"https:\/\/api.w.org\/{rel}","templated":true}]}}