{"id":3278,"date":"2020-09-10T15:00:05","date_gmt":"2020-09-10T13:00:05","guid":{"rendered":"https:\/\/agora.xtec.cat\/ceipmarianao\/?p=3278"},"modified":"2020-09-10T15:00:34","modified_gmt":"2020-09-10T13:00:34","slug":"pla-dactuacio-2020-2021-i-resum","status":"publish","type":"post","link":"https:\/\/agora.xtec.cat\/ceipmarianao\/general\/pla-dactuacio-2020-2021-i-resum\/","title":{"rendered":"PLA D&#8217;ACTUACI\u00d3 2020-2021 I RESUM"},"content":{"rendered":"<p style=\"text-align: justify;\">Tal i com us vam informar a les reunions virtuals, aqu\u00ed us deixem el Pla d&#8217;Actuaci\u00f3 de l&#8217;Escola Marianao i un resum perqu\u00e8 us sigui m\u00e9s f\u00e0cil trobar la informaci\u00f3 m\u00e9s rellevant.<\/p>\n<p style=\"text-align: justify;\"><a href=\"https:\/\/drive.google.com\/file\/d\/1etBLsnhG-pFXXFWtAhQBPsgdupvY4YSL\/view?usp=sharing\">PLA D&#8217;ACTUACI\u00d3 2020-2021<\/a><\/p>\n<p style=\"text-align: justify;\"><a href=\"https:\/\/drive.google.com\/file\/d\/1BHwN2MPUn0SapzQvFLn35Ow5VYatxprW\/view?usp=sharing\">RESUM PLA D&#8217;ACTUACI\u00d3 2020-2021<\/a><\/p>\n<p style=\"text-align: justify;\">Tamb\u00e9 us deixem la declaraci\u00f3 responsable de salut per als infants d&#8217;Educaci\u00f3 Infantil i d&#8217;Educaci\u00f3 Prim\u00e0ria que els vostres fills i filles li hauran de portar signada el primer dia al seu tutor o tutora. Si alg\u00fa de vosaltres no la pot imprimir l&#8217;haur\u00e0 de sol\u00b7licitar via agenda al tutor o tutora perqu\u00e8 us la faci arribar en paper.<\/p>\n<p style=\"text-align: justify;\"><a href=\"https:\/\/drive.google.com\/file\/d\/1AaZAsJkr2tJSq_flWlCf6tg7Cbfpa4i0\/view?usp=sharing\">DECLARACI\u00d3 RESPONSABLE SALUT INFANTIL<\/a> (P3, P4 i P5)<\/p>\n<p style=\"text-align: justify;\"><a href=\"https:\/\/drive.google.com\/file\/d\/1yXH---cvLrQMqWkTQziBapsGmtYhMJiF\/view?usp=sharing\">DECLARACI\u00d3 RESPONSABLE SALUT PRIM\u00c0RIA<\/a> (DE 1r A 6\u00e8)<\/p>\n<p>&nbsp;<\/p>\n","protected":false},"excerpt":{"rendered":"<p>Tal i com us vam informar a les reunions virtuals, aqu\u00ed us deixem el Pla d&#8217;Actuaci\u00f3 de l&#8217;Escola Marianao i un resum perqu\u00e8 us sigui m\u00e9s f\u00e0cil trobar la informaci\u00f3 m\u00e9s rellevant.<br \/>\n<a href=\"https:\/\/drive.google.com\/file\/d\/1etBLsnhG-pFXXFWtAhQBPsgdupvY4YSL\/view?usp=sharing\">PLA D&#8217;ACTUACI\u00d3 2020-2021<\/a><br \/>\n<a href=\"https:\/\/drive.google.com\/file\/d\/1BHwN2MPUn0SapzQvFLn35Ow5VYatxprW\/view?usp=sharing\">RESUM PLA D&#8217;ACTUACI\u00d3 2020-2021<\/a><br \/>\nTamb\u00e9 us deixem la declaraci\u00f3 responsable de&hellip;  <a href=\"https:\/\/agora.xtec.cat\/ceipmarianao\/general\/pla-dactuacio-2020-2021-i-resum\/\" title=\"Read PLA D&#8217;ACTUACI\u00d3 2020-2021 I RESUM\">Llegeix m\u00e9s\u00bb<\/a><\/p>\n","protected":false},"author":3,"featured_media":0,"comment_status":"closed","ping_status":"closed","sticky":false,"template":"","format":"standard","meta":{"_bbp_topic_count":0,"_bbp_reply_count":0,"_bbp_total_topic_count":0,"_bbp_total_reply_count":0,"_bbp_voice_count":0,"_bbp_anonymous_reply_count":0,"_bbp_topic_count_hidden":0,"_bbp_reply_count_hidden":0,"_bbp_forum_subforum_count":0,"footnotes":""},"categories":[1,28,4],"tags":[],"class_list":["post-3278","post","type-post","status-publish","format-standard","hentry","category-general","category-noticies-portada","category-portada"],"post_mailing_queue_ids":[],"_links":{"self":[{"href":"https:\/\/agora.xtec.cat\/ceipmarianao\/wp-json\/wp\/v2\/posts\/3278","targetHints":{"allow":["GET"]}}],"collection":[{"href":"https:\/\/agora.xtec.cat\/ceipmarianao\/wp-json\/wp\/v2\/posts"}],"about":[{"href":"https:\/\/agora.xtec.cat\/ceipmarianao\/wp-json\/wp\/v2\/types\/post"}],"author":[{"embeddable":true,"href":"https:\/\/agora.xtec.cat\/ceipmarianao\/wp-json\/wp\/v2\/users\/3"}],"replies":[{"embeddable":true,"href":"https:\/\/agora.xtec.cat\/ceipmarianao\/wp-json\/wp\/v2\/comments?post=3278"}],"version-history":[{"count":3,"href":"https:\/\/agora.xtec.cat\/ceipmarianao\/wp-json\/wp\/v2\/posts\/3278\/revisions"}],"predecessor-version":[{"id":3281,"href":"https:\/\/agora.xtec.cat\/ceipmarianao\/wp-json\/wp\/v2\/posts\/3278\/revisions\/3281"}],"wp:attachment":[{"href":"https:\/\/agora.xtec.cat\/ceipmarianao\/wp-json\/wp\/v2\/media?parent=3278"}],"wp:term":[{"taxonomy":"category","embeddable":true,"href":"https:\/\/agora.xtec.cat\/ceipmarianao\/wp-json\/wp\/v2\/categories?post=3278"},{"taxonomy":"post_tag","embeddable":true,"href":"https:\/\/agora.xtec.cat\/ceipmarianao\/wp-json\/wp\/v2\/tags?post=3278"}],"curies":[{"name":"wp","href":"https:\/\/api.w.org\/{rel}","templated":true}]}}