{"id":3262,"date":"2020-09-01T15:01:32","date_gmt":"2020-09-01T13:01:32","guid":{"rendered":"https:\/\/agora.xtec.cat\/ceipmarianao\/?p=3262"},"modified":"2020-09-05T17:40:17","modified_gmt":"2020-09-05T15:40:17","slug":"bon-inici-de-curs-2020-2021","status":"publish","type":"post","link":"https:\/\/agora.xtec.cat\/ceipmarianao\/general\/bon-inici-de-curs-2020-2021\/","title":{"rendered":"BON INICI DE CURS 2020-2021!!!"},"content":{"rendered":"<p style=\"text-align: justify;\">Esperem que estigueu tots i totes b\u00e9 i que hagueu passat un bon estiu.<\/p>\n<p style=\"text-align: justify;\">Comencem un nou curs amb la mateixa il\u00b7lusi\u00f3 de sempre, malgrat que com sabeu les circumst\u00e0ncies s\u00f3n ben diferents.<\/p>\n<p style=\"text-align: justify;\">Estem acabant d&#8217;organitzar el nou curs. Abans de comen\u00e7ar-lo us farem arribar el pla d&#8217;actuaci\u00f3 del nostre centre: organitzaci\u00f3 dels infants i distribuci\u00f3 dels grups, horaris d&#8217;entrades i sortides, horaris d&#8217;esbarjo, normativa de prevenci\u00f3 COVID-19, organitzaci\u00f3 general del centre&#8230;<\/p>\n<p style=\"text-align: justify;\">M\u00e9s endavant rebreu tamb\u00e9, com cada curs, tota la informaci\u00f3 d&#8217;inter\u00e8s.<\/p>\n<p style=\"text-align: justify;\">A petici\u00f3 del Departament d&#8217;Educaci\u00f3 us facilitem la carta de la consellera de Salut i del conseller d&#8217;Educaci\u00f3 de <a href=\"https:\/\/drive.google.com\/file\/d\/1YBa1YZZIRc4-SBGFNwTNRXHK5j6LaVYs\/view?usp=sharing\"><strong>mesures extraordin\u00e0ries de Salut per evitar els brots de la covid-19 a les escoles<\/strong><\/a>\u00a0i tamb\u00e9 l&#8217;annex <a href=\"https:\/\/drive.google.com\/file\/d\/1vwaLWfU-7yNPtW8W3L1x69zlNwT-1_0H\/view?usp=sharing\">&#8220;Altres recomanacions i procediment d&#8217;actuaci\u00f3&#8221;<\/a>.<br \/>\n<a href=\"https:\/\/agora.xtec.cat\/ceipmarianao\/wp-content\/uploads\/usu17\/2020\/09\/ebb9fc58cb7cff571c747f0ce32d7a32.jpg\"><img loading=\"lazy\" decoding=\"async\" class=\"aligncenter wp-image-3263\" src=\"https:\/\/agora.xtec.cat\/ceipmarianao\/wp-content\/uploads\/usu17\/2020\/09\/ebb9fc58cb7cff571c747f0ce32d7a32-300x212.jpg\" alt=\"\" width=\"488\" height=\"345\" srcset=\"https:\/\/agora.xtec.cat\/ceipmarianao\/wp-content\/uploads\/usu17\/2020\/09\/ebb9fc58cb7cff571c747f0ce32d7a32-300x212.jpg 300w, https:\/\/agora.xtec.cat\/ceipmarianao\/wp-content\/uploads\/usu17\/2020\/09\/ebb9fc58cb7cff571c747f0ce32d7a32-768x543.jpg 768w, https:\/\/agora.xtec.cat\/ceipmarianao\/wp-content\/uploads\/usu17\/2020\/09\/ebb9fc58cb7cff571c747f0ce32d7a32-1024x724.jpg 1024w, https:\/\/agora.xtec.cat\/ceipmarianao\/wp-content\/uploads\/usu17\/2020\/09\/ebb9fc58cb7cff571c747f0ce32d7a32.jpg 1674w\" sizes=\"auto, (max-width: 488px) 100vw, 488px\" \/><\/a><\/p>\n","protected":false},"excerpt":{"rendered":"<p>Esperem que estigueu tots i totes b\u00e9 i que hagueu passat un bon estiu.<br \/>\nComencem un nou curs amb la mateixa il\u00b7lusi\u00f3 de sempre, malgrat que com sabeu les circumst\u00e0ncies s\u00f3n ben diferents.<br \/>\nEstem acabant d&#8217;organitzar el nou curs. Abans de comen\u00e7ar-lo us farem arribar el pla&hellip;  <a href=\"https:\/\/agora.xtec.cat\/ceipmarianao\/general\/bon-inici-de-curs-2020-2021\/\" title=\"Read BON INICI DE CURS 2020-2021!!!\">Llegeix m\u00e9s\u00bb<\/a><\/p>\n","protected":false},"author":3,"featured_media":0,"comment_status":"closed","ping_status":"closed","sticky":false,"template":"","format":"standard","meta":{"_bbp_topic_count":0,"_bbp_reply_count":0,"_bbp_total_topic_count":0,"_bbp_total_reply_count":0,"_bbp_voice_count":0,"_bbp_anonymous_reply_count":0,"_bbp_topic_count_hidden":0,"_bbp_reply_count_hidden":0,"_bbp_forum_subforum_count":0,"footnotes":""},"categories":[1,28,4],"tags":[],"class_list":["post-3262","post","type-post","status-publish","format-standard","hentry","category-general","category-noticies-portada","category-portada"],"post_mailing_queue_ids":[],"_links":{"self":[{"href":"https:\/\/agora.xtec.cat\/ceipmarianao\/wp-json\/wp\/v2\/posts\/3262","targetHints":{"allow":["GET"]}}],"collection":[{"href":"https:\/\/agora.xtec.cat\/ceipmarianao\/wp-json\/wp\/v2\/posts"}],"about":[{"href":"https:\/\/agora.xtec.cat\/ceipmarianao\/wp-json\/wp\/v2\/types\/post"}],"author":[{"embeddable":true,"href":"https:\/\/agora.xtec.cat\/ceipmarianao\/wp-json\/wp\/v2\/users\/3"}],"replies":[{"embeddable":true,"href":"https:\/\/agora.xtec.cat\/ceipmarianao\/wp-json\/wp\/v2\/comments?post=3262"}],"version-history":[{"count":3,"href":"https:\/\/agora.xtec.cat\/ceipmarianao\/wp-json\/wp\/v2\/posts\/3262\/revisions"}],"predecessor-version":[{"id":3277,"href":"https:\/\/agora.xtec.cat\/ceipmarianao\/wp-json\/wp\/v2\/posts\/3262\/revisions\/3277"}],"wp:attachment":[{"href":"https:\/\/agora.xtec.cat\/ceipmarianao\/wp-json\/wp\/v2\/media?parent=3262"}],"wp:term":[{"taxonomy":"category","embeddable":true,"href":"https:\/\/agora.xtec.cat\/ceipmarianao\/wp-json\/wp\/v2\/categories?post=3262"},{"taxonomy":"post_tag","embeddable":true,"href":"https:\/\/agora.xtec.cat\/ceipmarianao\/wp-json\/wp\/v2\/tags?post=3262"}],"curies":[{"name":"wp","href":"https:\/\/api.w.org\/{rel}","templated":true}]}}