{"id":3249,"date":"2020-07-20T11:49:47","date_gmt":"2020-07-20T09:49:47","guid":{"rendered":"https:\/\/agora.xtec.cat\/ceipmarianao\/?p=3249"},"modified":"2020-07-20T16:37:25","modified_gmt":"2020-07-20T14:37:25","slug":"informacio-dinteres-inici-de-curs-2020-2021","status":"publish","type":"post","link":"https:\/\/agora.xtec.cat\/ceipmarianao\/general\/informacio-dinteres-inici-de-curs-2020-2021\/","title":{"rendered":"INFORMACI\u00d3 D&#8217;INTER\u00c8S INICI DE CURS 2020-2021"},"content":{"rendered":"<p style=\"text-align: justify;\">Us informem que hem elaborat el pla d\u2019actuaci\u00f3 i d\u2019organitzaci\u00f3 del centre per al curs 2020-2021, seguint les instruccions del Departament d\u2019Educaci\u00f3 i de Salut en el marc de la pand\u00e8mia.<\/p>\n<p style=\"text-align: justify;\">Abans de comen\u00e7ar el curs us informarem dels horaris i accessos per a les entrades i sortides i de les normes de seguretat i higiene.<\/p>\n<p style=\"text-align: justify;\">Us avancem alguns aspectes d&#8217;inter\u00e8s per a l\u2019inici del curs vinent:<\/p>\n<ul style=\"text-align: justify;\">\n<li>Dilluns 14 de setembre comen\u00e7ar\u00e0 el nou curs escolar 2020-2021.<\/li>\n<li>Els infants de P3 faran una adaptaci\u00f3 progressiva al centre.<\/li>\n<li>Els\/les alumnes d&#8217;Educaci\u00f3 Infantil accediran a l&#8217;escola per les portes situades al Passeig de les Mimoses. Als nens i nenes que comencen P4 i P5 els\/les estaran esperant les tutores del curs passat o persones referents. Si tenen germans\/es a Prim\u00e0ria no hi podran accedir per aquesta porta i tampoc no en podran sortir.<\/li>\n<li>L&#8217;alumnat d&#8217;Educaci\u00f3 Prim\u00e0ria accedir\u00e0 al centre per la porta del carrer Xiprers. Els infants que cursaran 1r entraran i sortiran per la porta de Prim\u00e0ria des del primer dia.<\/li>\n<li>Els infants nous hauran de venir a secretaria o direcci\u00f3 acompanyats per un \u00fanic familiar i els acompanyarem a les seves aules.<\/li>\n<li>Les fam\u00edlies que vulguin fer \u00fas del servei de menjador des del primer dia hauran de comunicar-ho al tutor\/a corresponent mitjan\u00e7ant una nota escrita i informar a la coordinadora del servei de menjador mitjan\u00e7ant trucada telef\u00f2nica o whatsapp al n\u00famero de tel\u00e8fon 697158612.<\/li>\n<li>A comen\u00e7ament de curs us farem arribar una circular amb aspectes d\u2019inter\u00e8s per a l\u2019organitzaci\u00f3 i el funcionament del centre i un plec d&#8217;autoritzacions.<\/li>\n<\/ul>\n<p style=\"text-align: justify;\">Esperem que gaudiu de l\u2019estiu&#8230;<\/p>\n<p style=\"text-align: center;\"><a href=\"https:\/\/agora.xtec.cat\/ceipmarianao\/wp-content\/uploads\/usu17\/2020\/07\/baixa.png\"><img loading=\"lazy\" decoding=\"async\" class=\"aligncenter wp-image-3253\" src=\"https:\/\/agora.xtec.cat\/ceipmarianao\/wp-content\/uploads\/usu17\/2020\/07\/baixa.png\" alt=\"\" width=\"228\" height=\"283\" \/><\/a><\/p>\n<p style=\"text-align: justify;\">\n","protected":false},"excerpt":{"rendered":"<p>Us informem que hem elaborat el pla d\u2019actuaci\u00f3 i d\u2019organitzaci\u00f3 del centre per al curs 2020-2021, seguint les instruccions del Departament d\u2019Educaci\u00f3 i de Salut en el marc de la pand\u00e8mia.<br \/>\nAbans de comen\u00e7ar el curs us informarem dels horaris i accessos per a les entrades&hellip;  <a href=\"https:\/\/agora.xtec.cat\/ceipmarianao\/general\/informacio-dinteres-inici-de-curs-2020-2021\/\" title=\"Read INFORMACI\u00d3 D&#8217;INTER\u00c8S INICI DE CURS 2020-2021\">Llegeix m\u00e9s\u00bb<\/a><\/p>\n","protected":false},"author":3,"featured_media":0,"comment_status":"closed","ping_status":"closed","sticky":false,"template":"","format":"standard","meta":{"_bbp_topic_count":0,"_bbp_reply_count":0,"_bbp_total_topic_count":0,"_bbp_total_reply_count":0,"_bbp_voice_count":0,"_bbp_anonymous_reply_count":0,"_bbp_topic_count_hidden":0,"_bbp_reply_count_hidden":0,"_bbp_forum_subforum_count":0,"footnotes":""},"categories":[1,28,4],"tags":[],"class_list":["post-3249","post","type-post","status-publish","format-standard","hentry","category-general","category-noticies-portada","category-portada"],"post_mailing_queue_ids":[],"_links":{"self":[{"href":"https:\/\/agora.xtec.cat\/ceipmarianao\/wp-json\/wp\/v2\/posts\/3249","targetHints":{"allow":["GET"]}}],"collection":[{"href":"https:\/\/agora.xtec.cat\/ceipmarianao\/wp-json\/wp\/v2\/posts"}],"about":[{"href":"https:\/\/agora.xtec.cat\/ceipmarianao\/wp-json\/wp\/v2\/types\/post"}],"author":[{"embeddable":true,"href":"https:\/\/agora.xtec.cat\/ceipmarianao\/wp-json\/wp\/v2\/users\/3"}],"replies":[{"embeddable":true,"href":"https:\/\/agora.xtec.cat\/ceipmarianao\/wp-json\/wp\/v2\/comments?post=3249"}],"version-history":[{"count":3,"href":"https:\/\/agora.xtec.cat\/ceipmarianao\/wp-json\/wp\/v2\/posts\/3249\/revisions"}],"predecessor-version":[{"id":3255,"href":"https:\/\/agora.xtec.cat\/ceipmarianao\/wp-json\/wp\/v2\/posts\/3249\/revisions\/3255"}],"wp:attachment":[{"href":"https:\/\/agora.xtec.cat\/ceipmarianao\/wp-json\/wp\/v2\/media?parent=3249"}],"wp:term":[{"taxonomy":"category","embeddable":true,"href":"https:\/\/agora.xtec.cat\/ceipmarianao\/wp-json\/wp\/v2\/categories?post=3249"},{"taxonomy":"post_tag","embeddable":true,"href":"https:\/\/agora.xtec.cat\/ceipmarianao\/wp-json\/wp\/v2\/tags?post=3249"}],"curies":[{"name":"wp","href":"https:\/\/api.w.org\/{rel}","templated":true}]}}