{"id":3229,"date":"2020-06-22T20:50:41","date_gmt":"2020-06-22T18:50:41","guid":{"rendered":"https:\/\/agora.xtec.cat\/ceipmarianao\/?p=3229"},"modified":"2020-07-20T16:39:27","modified_gmt":"2020-07-20T14:39:27","slug":"llibres-de-text-2020-2021-i-recomanacions-destiu","status":"publish","type":"post","link":"https:\/\/agora.xtec.cat\/ceipmarianao\/general\/llibres-de-text-2020-2021-i-recomanacions-destiu\/","title":{"rendered":"LLIBRES DE TEXT 2020-2021 I RECOMANACIONS D&#8217;ESTIU"},"content":{"rendered":"<p><a href=\"https:\/\/agora.xtec.cat\/ceipmarianao\/wp-content\/uploads\/usu17\/2020\/06\/baixa-1.jpg\"><img loading=\"lazy\" decoding=\"async\" class=\"aligncenter wp-image-3235\" src=\"https:\/\/agora.xtec.cat\/ceipmarianao\/wp-content\/uploads\/usu17\/2020\/06\/baixa-1.jpg\" alt=\"\" width=\"400\" height=\"283\" \/><\/a><\/p>\n<p style=\"text-align: justify;\"><span style=\"color: #000000;\"><span style=\"font-family: arial, sans-serif;\">Aqu\u00ed teniu les llistes de llibres de text de prim\u00e0ria per al curs vinent:<\/span><\/span><\/p>\n<p style=\"text-align: center;\"><a href=\"https:\/\/drive.google.com\/file\/d\/1cPb5dhepoh64T7L1rHhPJFAL7BfwaFZr\/view?usp=sharing\">1r\u00a0<\/a> \u00a0 \u00a0 \u00a0 \u00a0 \u00a0 \u00a0 \u00a0 \u00a0 \u00a0 \u00a0 \u00a0 \u00a0 \u00a0 \u00a0 \u00a0 \u00a0 \u00a0 \u00a0<a href=\"https:\/\/drive.google.com\/file\/d\/1loi2dPzButHUpffYxcQlmnPJv2OVASmc\/view?usp=sharing\">4t<\/a><\/p>\n<p style=\"text-align: center;\"><a href=\"https:\/\/drive.google.com\/file\/d\/1V8XG_SrHassSLpo9Y99IuX4ucXNXeeI-\/view?usp=sharing\">2n<\/a>\u00a0 \u00a0 \u00a0 \u00a0 \u00a0 \u00a0 \u00a0 \u00a0 \u00a0 \u00a0 \u00a0 \u00a0 \u00a0 \u00a0 \u00a0 \u00a0 \u00a0 \u00a0<a href=\"https:\/\/drive.google.com\/file\/d\/1WdompOzfWewJ2cl24zaRfYHPhwpOhxW5\/view?usp=sharing\"> 5\u00e8<\/a><\/p>\n<p style=\"text-align: center;\"><a href=\"https:\/\/drive.google.com\/file\/d\/1sPtnLZayIhwmV11nQuQksxC5eUr2xaQA\/view?usp=sharing\">3r<\/a>\u00a0 \u00a0 \u00a0 \u00a0 \u00a0 \u00a0 \u00a0 \u00a0 \u00a0 \u00a0 \u00a0 \u00a0 \u00a0 \u00a0 \u00a0 \u00a0 \u00a0 \u00a0 \u00a0<a href=\"https:\/\/drive.google.com\/file\/d\/1HOR9TdpFRjjwxMYnjzjrg5gYx9PqmfKF\/view?usp=sharing\">6\u00e8<\/a><\/p>\n<p><span style=\"color: #000000;\"><span style=\"font-family: arial, sans-serif;\">Aqu\u00ed us deixem un document amb <a href=\"https:\/\/drive.google.com\/file\/d\/1-dwraGYu4VCkq_F8JZkIpfUtZyjQY5E0\/view?usp=sharing\">recomanacions per a l&#8217;estiu<\/a>.<\/span><\/span><\/p>\n<p style=\"text-align: justify;\"><span style=\"color: #000000;\"><span style=\"font-family: arial, sans-serif;\">A m\u00e9s a m\u00e9s, us deixem aquesta fitxa interactiva: <span style=\"font-family: inherit; font-size: 1em;\"><a href=\"https:\/\/www.liveworksheets.com\/sa781334jb\">el dia que jo vaig n\u00e9ixer<\/a><\/span> perqu\u00e8 els infants de Cicle Mitj\u00e0 i Cicle Superior puguin esbrinar quins esdeveniments van tenir lloc el dia del seu naixement, \u00e9s molt interessant, segur que se sorprenen! <\/span><\/span><span style=\"font-family: inherit; font-size: 1em;\">\u00a0i <\/span><a href=\"https:\/\/drive.google.com\/file\/d\/14Q7Loi2y1u9Vz9ZTtkw4611Z7eWCDD-G\/view?usp=sharing\"><span style=\"font-family: inherit; font-size: 1em;\">un tutorial per a accedir a l&#8217;aplicaci\u00f3 <\/span><b style=\"font-family: inherit; font-size: 1em;\"><i>Toontastic<\/i><\/b><\/a><span style=\"font-family: inherit; font-size: 1em;\">, on es podran convertir en veritables directors i directores de cinema de manera f\u00e0cil i motivadora.<\/span><\/p>\n<div>\n<p style=\"text-align: justify;\"><span style=\"color: #000000;\"><span style=\"font-family: arial, sans-serif;\">Una forta abra\u00e7ada i&#8230; a gaudir de l&#8217;estiu!<\/span><\/span><\/p>\n<\/div>\n","protected":false},"excerpt":{"rendered":"<p><a href=\"https:\/\/agora.xtec.cat\/ceipmarianao\/wp-content\/uploads\/usu17\/2020\/06\/baixa-1.jpg\"><\/a><br \/>\nAqu\u00ed teniu les llistes de llibres de text de prim\u00e0ria per al curs vinent:<br \/>\n<a href=\"https:\/\/drive.google.com\/file\/d\/1cPb5dhepoh64T7L1rHhPJFAL7BfwaFZr\/view?usp=sharing\">1r\u00a0<\/a> \u00a0 \u00a0 \u00a0 \u00a0 \u00a0 \u00a0 \u00a0 \u00a0 \u00a0 \u00a0 \u00a0 \u00a0 \u00a0 \u00a0 \u00a0 \u00a0 \u00a0 \u00a0<a href=\"https:\/\/drive.google.com\/file\/d\/1loi2dPzButHUpffYxcQlmnPJv2OVASmc\/view?usp=sharing\">4t<\/a><br \/>\n<a href=\"https:\/\/drive.google.com\/file\/d\/1V8XG_SrHassSLpo9Y99IuX4ucXNXeeI-\/view?usp=sharing\">2n<\/a>\u00a0 \u00a0 \u00a0 \u00a0 \u00a0 \u00a0 \u00a0 \u00a0 \u00a0 \u00a0&hellip;  <a href=\"https:\/\/agora.xtec.cat\/ceipmarianao\/general\/llibres-de-text-2020-2021-i-recomanacions-destiu\/\" title=\"Read LLIBRES DE TEXT 2020-2021 I RECOMANACIONS D&#8217;ESTIU\">Llegeix m\u00e9s\u00bb<\/a><\/p>\n","protected":false},"author":3,"featured_media":0,"comment_status":"closed","ping_status":"closed","sticky":false,"template":"","format":"standard","meta":{"_bbp_topic_count":0,"_bbp_reply_count":0,"_bbp_total_topic_count":0,"_bbp_total_reply_count":0,"_bbp_voice_count":0,"_bbp_anonymous_reply_count":0,"_bbp_topic_count_hidden":0,"_bbp_reply_count_hidden":0,"_bbp_forum_subforum_count":0,"footnotes":""},"categories":[1,28,4],"tags":[],"class_list":["post-3229","post","type-post","status-publish","format-standard","hentry","category-general","category-noticies-portada","category-portada"],"post_mailing_queue_ids":[],"_links":{"self":[{"href":"https:\/\/agora.xtec.cat\/ceipmarianao\/wp-json\/wp\/v2\/posts\/3229","targetHints":{"allow":["GET"]}}],"collection":[{"href":"https:\/\/agora.xtec.cat\/ceipmarianao\/wp-json\/wp\/v2\/posts"}],"about":[{"href":"https:\/\/agora.xtec.cat\/ceipmarianao\/wp-json\/wp\/v2\/types\/post"}],"author":[{"embeddable":true,"href":"https:\/\/agora.xtec.cat\/ceipmarianao\/wp-json\/wp\/v2\/users\/3"}],"replies":[{"embeddable":true,"href":"https:\/\/agora.xtec.cat\/ceipmarianao\/wp-json\/wp\/v2\/comments?post=3229"}],"version-history":[{"count":3,"href":"https:\/\/agora.xtec.cat\/ceipmarianao\/wp-json\/wp\/v2\/posts\/3229\/revisions"}],"predecessor-version":[{"id":3258,"href":"https:\/\/agora.xtec.cat\/ceipmarianao\/wp-json\/wp\/v2\/posts\/3229\/revisions\/3258"}],"wp:attachment":[{"href":"https:\/\/agora.xtec.cat\/ceipmarianao\/wp-json\/wp\/v2\/media?parent=3229"}],"wp:term":[{"taxonomy":"category","embeddable":true,"href":"https:\/\/agora.xtec.cat\/ceipmarianao\/wp-json\/wp\/v2\/categories?post=3229"},{"taxonomy":"post_tag","embeddable":true,"href":"https:\/\/agora.xtec.cat\/ceipmarianao\/wp-json\/wp\/v2\/tags?post=3229"}],"curies":[{"name":"wp","href":"https:\/\/api.w.org\/{rel}","templated":true}]}}