{"id":3210,"date":"2020-06-12T10:25:55","date_gmt":"2020-06-12T08:25:55","guid":{"rendered":"https:\/\/agora.xtec.cat\/ceipmarianao\/?p=3210"},"modified":"2020-06-12T16:11:44","modified_gmt":"2020-06-12T14:11:44","slug":"planificacio-setmanal-del-15-al-19-de-juny","status":"publish","type":"post","link":"https:\/\/agora.xtec.cat\/ceipmarianao\/general\/planificacio-setmanal-del-15-al-19-de-juny\/","title":{"rendered":"PLANIFICACI\u00d3 SETMANAL (DEL 15 AL 19 DE JUNY)"},"content":{"rendered":"<p dir=\"auto\" style=\"text-align: center;\"><a href=\"https:\/\/agora.xtec.cat\/ceipmarianao\/wp-content\/uploads\/usu17\/2020\/06\/Proposta-Setmana-fi-de-curs.jpg\"><img loading=\"lazy\" decoding=\"async\" class=\"aligncenter wp-image-3211\" src=\"https:\/\/agora.xtec.cat\/ceipmarianao\/wp-content\/uploads\/usu17\/2020\/06\/Proposta-Setmana-fi-de-curs-214x300.jpg\" alt=\"\" width=\"465\" height=\"652\" srcset=\"https:\/\/agora.xtec.cat\/ceipmarianao\/wp-content\/uploads\/usu17\/2020\/06\/Proposta-Setmana-fi-de-curs-214x300.jpg 214w, https:\/\/agora.xtec.cat\/ceipmarianao\/wp-content\/uploads\/usu17\/2020\/06\/Proposta-Setmana-fi-de-curs-768x1076.jpg 768w, https:\/\/agora.xtec.cat\/ceipmarianao\/wp-content\/uploads\/usu17\/2020\/06\/Proposta-Setmana-fi-de-curs-731x1024.jpg 731w, https:\/\/agora.xtec.cat\/ceipmarianao\/wp-content\/uploads\/usu17\/2020\/06\/Proposta-Setmana-fi-de-curs.jpg 1428w\" sizes=\"auto, (max-width: 465px) 100vw, 465px\" \/><\/a><\/p>\n<p dir=\"auto\" style=\"text-align: justify;\">Ara s\u00ed que aix\u00f2 s\u2019acaba. Mai no hagu\u00e9ssim imaginat que el curs s\u2019acabaria aix\u00ed, per\u00f2 encara podem estar contents que l\u2019acabarem tots junts, vivint una situaci\u00f3 excepcional, per\u00f2 units.<\/p>\n<p dir=\"auto\" style=\"text-align: justify;\">Aquesta setmana, igual que sempre fem l\u2019\u00faltima setmana d\u2019escola, tenim una proposta ben especial i diferent per als i les nostres peques. Desitgem que els agradi i s&#8217;ho passin d&#8217;all\u00f2 m\u00e9s b\u00e9.<\/p>\n<p dir=\"auto\" style=\"text-align: justify;\"><b>Per a acomiadar el curs, les videoconfer\u00e8ncies de la setmana vinent seran l&#8217;\u00faltim dia de classe, divendres 19 de juny <\/b>(al correu teniu indicada l&#8217;hora i l&#8217;enlla\u00e7 d&#8217;acc\u00e9s). <u>No hi pot faltar ning\u00fa, \u00e9s important perqu\u00e8 esdevingui un comiat com cal!<\/u><\/p>\n<p dir=\"auto\" style=\"text-align: justify;\">Us hi esperem!<\/p>\n","protected":false},"excerpt":{"rendered":"<p><a href=\"https:\/\/agora.xtec.cat\/ceipmarianao\/wp-content\/uploads\/usu17\/2020\/06\/Proposta-Setmana-fi-de-curs.jpg\"><\/a><br \/>\nAra s\u00ed que aix\u00f2 s\u2019acaba. Mai no hagu\u00e9ssim imaginat que el curs s\u2019acabaria aix\u00ed, per\u00f2 encara podem estar contents que l\u2019acabarem tots junts, vivint una situaci\u00f3 excepcional, per\u00f2 units.<br \/>\nAquesta setmana, igual que sempre fem l\u2019\u00faltima setmana d\u2019escola, tenim una proposta ben especial i diferent&hellip;  <a href=\"https:\/\/agora.xtec.cat\/ceipmarianao\/general\/planificacio-setmanal-del-15-al-19-de-juny\/\" title=\"Read PLANIFICACI\u00d3 SETMANAL (DEL 15 AL 19 DE JUNY)\">Llegeix m\u00e9s\u00bb<\/a><\/p>\n","protected":false},"author":3,"featured_media":0,"comment_status":"closed","ping_status":"closed","sticky":false,"template":"","format":"standard","meta":{"_bbp_topic_count":0,"_bbp_reply_count":0,"_bbp_total_topic_count":0,"_bbp_total_reply_count":0,"_bbp_voice_count":0,"_bbp_anonymous_reply_count":0,"_bbp_topic_count_hidden":0,"_bbp_reply_count_hidden":0,"_bbp_forum_subforum_count":0,"footnotes":""},"categories":[1,28,4],"tags":[],"class_list":["post-3210","post","type-post","status-publish","format-standard","hentry","category-general","category-noticies-portada","category-portada"],"post_mailing_queue_ids":[],"_links":{"self":[{"href":"https:\/\/agora.xtec.cat\/ceipmarianao\/wp-json\/wp\/v2\/posts\/3210","targetHints":{"allow":["GET"]}}],"collection":[{"href":"https:\/\/agora.xtec.cat\/ceipmarianao\/wp-json\/wp\/v2\/posts"}],"about":[{"href":"https:\/\/agora.xtec.cat\/ceipmarianao\/wp-json\/wp\/v2\/types\/post"}],"author":[{"embeddable":true,"href":"https:\/\/agora.xtec.cat\/ceipmarianao\/wp-json\/wp\/v2\/users\/3"}],"replies":[{"embeddable":true,"href":"https:\/\/agora.xtec.cat\/ceipmarianao\/wp-json\/wp\/v2\/comments?post=3210"}],"version-history":[{"count":2,"href":"https:\/\/agora.xtec.cat\/ceipmarianao\/wp-json\/wp\/v2\/posts\/3210\/revisions"}],"predecessor-version":[{"id":3213,"href":"https:\/\/agora.xtec.cat\/ceipmarianao\/wp-json\/wp\/v2\/posts\/3210\/revisions\/3213"}],"wp:attachment":[{"href":"https:\/\/agora.xtec.cat\/ceipmarianao\/wp-json\/wp\/v2\/media?parent=3210"}],"wp:term":[{"taxonomy":"category","embeddable":true,"href":"https:\/\/agora.xtec.cat\/ceipmarianao\/wp-json\/wp\/v2\/categories?post=3210"},{"taxonomy":"post_tag","embeddable":true,"href":"https:\/\/agora.xtec.cat\/ceipmarianao\/wp-json\/wp\/v2\/tags?post=3210"}],"curies":[{"name":"wp","href":"https:\/\/api.w.org\/{rel}","templated":true}]}}