{"id":3200,"date":"2020-06-05T17:51:46","date_gmt":"2020-06-05T15:51:46","guid":{"rendered":"https:\/\/agora.xtec.cat\/ceipmarianao\/?p=3200"},"modified":"2020-06-05T17:54:05","modified_gmt":"2020-06-05T15:54:05","slug":"planificacio-setmanal-del-8-al-12-de-juny","status":"publish","type":"post","link":"https:\/\/agora.xtec.cat\/ceipmarianao\/general\/planificacio-setmanal-del-8-al-12-de-juny\/","title":{"rendered":"PLANIFICACI\u00d3 SETMANAL (DEL 8 AL 12 DE JUNY)"},"content":{"rendered":"<p style=\"text-align: justify;\">Com ja \u00e9s costum, aqu\u00ed teniu les graelles amb la proposta d&#8217;activitats per a la setmana vinent.<\/p>\n<p style=\"text-align: justify;\">Nom\u00e9s hi haur\u00e0 una videoconfer\u00e8ncia a Educaci\u00f3 Prim\u00e0ria, la de dilluns (a Cicle Inicial passar\u00e0 a dimarts), ja que hi haur\u00e0 d&#8217;haver una pres\u00e8ncia m\u00ednima dels i de les mestres al centre.<\/p>\n<div style=\"text-align: justify;\"><\/div>\n<p style=\"text-align: justify;\"><span style=\"font-family: inherit; font-size: 1em;\">Ja estem a la recta final, el curs s&#8217;acaba i, tot i que de forma diferent, heu d&#8217;estar satisfetes perqu\u00e8, vosaltres i l&#8217;equip docent, hem aconseguit que l&#8217;escola continu\u00ef oberta!!!<\/span><\/p>\n<div style=\"text-align: justify;\"><\/div>\n<div><\/div>\n<div style=\"text-align: center;\"><\/div>\n<div><\/div>\n<div style=\"text-align: center;\">\n<p style=\"text-align: center;\"><a href=\"https:\/\/drive.google.com\/file\/d\/19c1zVVyA5eFoFqIBO9kW191Zm2pkpU7k\/view?usp=sharing\">P3<\/a>\u00a0 \u00a0 \u00a0 \u00a0 \u00a0 \u00a0 \u00a0 \u00a0 \u00a0 \u00a0 \u00a0 \u00a0 \u00a0 \u00a0 \u00a0 \u00a0<a href=\"https:\/\/drive.google.com\/file\/d\/1OyjeNPWqn-LiUhoi1-TdGEg-jMVzoa05\/view?usp=sharing\">1r\u00a0<\/a> \u00a0 \u00a0 \u00a0 \u00a0 \u00a0 \u00a0 \u00a0 \u00a0 \u00a0 \u00a0 \u00a0 \u00a0 \u00a0 \u00a0 \u00a0<a href=\"https:\/\/drive.google.com\/file\/d\/1mBh8EQ6GpT-0qIFix5L2SihHJDFMM2TC\/view?usp=sharing\">4t<\/a><\/p>\n<p style=\"text-align: center;\">\u00a0 <a href=\"https:\/\/drive.google.com\/file\/d\/1OBOgWGV6TgrpCA34liS3tZDtxqprG2Ba\/view?usp=sharing\">P4<\/a>\u00a0\u00a0\u00a0\u00a0\u00a0\u00a0\u00a0\u00a0\u00a0\u00a0\u00a0\u00a0\u00a0\u00a0\u00a0\u00a0\u00a0\u00a0\u00a0\u00a0\u00a0\u00a0\u00a0\u00a0\u00a0\u00a0\u00a0\u00a0\u00a0\u00a0 <a href=\"https:\/\/drive.google.com\/file\/d\/1Axbu2bJCPi2pj7uXjvZkcJ5VoH7f3uGe\/view?usp=sharing\">2n<\/a>\u00a0 \u00a0 \u00a0 \u00a0 \u00a0 \u00a0 \u00a0 \u00a0 \u00a0 \u00a0 \u00a0 \u00a0 \u00a0 \u00a0 \u00a0 <a href=\"https:\/\/drive.google.com\/file\/d\/10E6aPLgpJT_lLaR1qoh52Qo5HXPs33U1\/view?usp=sharing\">5\u00e8<\/a><\/p>\n<p style=\"text-align: center;\"><a href=\"https:\/\/drive.google.com\/file\/d\/1NHf0_4-Jwy74UgzJu3xcVz6VKZ64JLaS\/view?usp=sharing\">\u00a0P5A<\/a> i <a href=\"https:\/\/drive.google.com\/file\/d\/1ef4y-zEKBqN1ZPszRhBhMoS40lvIhZK_\/view?usp=sharing\">P5B\u00a0<\/a> \u00a0 \u00a0 \u00a0 \u00a0 \u00a0 \u00a0 \u00a0 \u00a0 \u00a0<a href=\"https:\/\/drive.google.com\/file\/d\/1Al67k2b5nBiJLgcgxrYyvBEe44Lpk5vM\/view?usp=sharing\">3r\u00a0<\/a> \u00a0 \u00a0 \u00a0 \u00a0 \u00a0 \u00a0 \u00a0 \u00a0 \u00a0 \u00a0 \u00a0 \u00a0 \u00a0 \u00a0 <a href=\"https:\/\/drive.google.com\/file\/d\/1nI2Zhx7VzzVWYCTf2f-pVOqBVwP8fkOn\/view?usp=sharing\">6\u00e8<\/a><\/p>\n<\/div>\n<div><\/div>\n<div><\/div>\n","protected":false},"excerpt":{"rendered":"<p>Com ja \u00e9s costum, aqu\u00ed teniu les graelles amb la proposta d&#8217;activitats per a la setmana vinent.<br \/>\nNom\u00e9s hi haur\u00e0 una videoconfer\u00e8ncia a Educaci\u00f3 Prim\u00e0ria, la de dilluns (a Cicle Inicial passar\u00e0 a dimarts), ja que hi haur\u00e0 d&#8217;haver una pres\u00e8ncia m\u00ednima dels i de les&hellip;  <a href=\"https:\/\/agora.xtec.cat\/ceipmarianao\/general\/planificacio-setmanal-del-8-al-12-de-juny\/\" title=\"Read PLANIFICACI\u00d3 SETMANAL (DEL 8 AL 12 DE JUNY)\">Llegeix m\u00e9s\u00bb<\/a><\/p>\n","protected":false},"author":3,"featured_media":0,"comment_status":"closed","ping_status":"closed","sticky":false,"template":"","format":"standard","meta":{"_bbp_topic_count":0,"_bbp_reply_count":0,"_bbp_total_topic_count":0,"_bbp_total_reply_count":0,"_bbp_voice_count":0,"_bbp_anonymous_reply_count":0,"_bbp_topic_count_hidden":0,"_bbp_reply_count_hidden":0,"_bbp_forum_subforum_count":0,"footnotes":""},"categories":[1,28,4],"tags":[],"class_list":["post-3200","post","type-post","status-publish","format-standard","hentry","category-general","category-noticies-portada","category-portada"],"post_mailing_queue_ids":[],"_links":{"self":[{"href":"https:\/\/agora.xtec.cat\/ceipmarianao\/wp-json\/wp\/v2\/posts\/3200","targetHints":{"allow":["GET"]}}],"collection":[{"href":"https:\/\/agora.xtec.cat\/ceipmarianao\/wp-json\/wp\/v2\/posts"}],"about":[{"href":"https:\/\/agora.xtec.cat\/ceipmarianao\/wp-json\/wp\/v2\/types\/post"}],"author":[{"embeddable":true,"href":"https:\/\/agora.xtec.cat\/ceipmarianao\/wp-json\/wp\/v2\/users\/3"}],"replies":[{"embeddable":true,"href":"https:\/\/agora.xtec.cat\/ceipmarianao\/wp-json\/wp\/v2\/comments?post=3200"}],"version-history":[{"count":3,"href":"https:\/\/agora.xtec.cat\/ceipmarianao\/wp-json\/wp\/v2\/posts\/3200\/revisions"}],"predecessor-version":[{"id":3205,"href":"https:\/\/agora.xtec.cat\/ceipmarianao\/wp-json\/wp\/v2\/posts\/3200\/revisions\/3205"}],"wp:attachment":[{"href":"https:\/\/agora.xtec.cat\/ceipmarianao\/wp-json\/wp\/v2\/media?parent=3200"}],"wp:term":[{"taxonomy":"category","embeddable":true,"href":"https:\/\/agora.xtec.cat\/ceipmarianao\/wp-json\/wp\/v2\/categories?post=3200"},{"taxonomy":"post_tag","embeddable":true,"href":"https:\/\/agora.xtec.cat\/ceipmarianao\/wp-json\/wp\/v2\/tags?post=3200"}],"curies":[{"name":"wp","href":"https:\/\/api.w.org\/{rel}","templated":true}]}}