{"id":3187,"date":"2020-06-05T17:09:22","date_gmt":"2020-06-05T15:09:22","guid":{"rendered":"https:\/\/agora.xtec.cat\/ceipmarianao\/?p=3187"},"modified":"2020-06-15T11:17:04","modified_gmt":"2020-06-15T09:17:04","slug":"dia-mundial-del-medi-ambient","status":"publish","type":"post","link":"https:\/\/agora.xtec.cat\/ceipmarianao\/general\/dia-mundial-del-medi-ambient\/","title":{"rendered":"DIA MUNDIAL DEL MEDI AMBIENT"},"content":{"rendered":"<p style=\"text-align: justify;\">El 5 de juny se celebra, a nivell mundial, el dia del medi ambient. Des de l&#8217;escola ens volem sumar a aquesta celebraci\u00f3 i volem posar el nostre toc d&#8217;atenci\u00f3 a la import\u00e0ncia de cuidar el nostre entorn, on tamb\u00e9 viuen milers d&#8217;esp\u00e8cies d&#8217;animals i plantes que necessiten de la nostra ajuda perqu\u00e8 continu\u00ef sent un entorn net, silenci\u00f3s, ric i ple de vida.<\/p>\n<p style=\"text-align: justify;\">Aix\u00ed doncs, tenim a les nostres mans la vacuna per a curar el nostre planeta, ja que ara est\u00e0 malalt!!!<\/p>\n<p><a href=\"https:\/\/agora.xtec.cat\/ceipmarianao\/wp-content\/uploads\/usu17\/2020\/06\/Dia-mundial-medi-ambient-2_page-0001.jpg\"><img loading=\"lazy\" decoding=\"async\" class=\"wp-image-3192 aligncenter\" src=\"https:\/\/agora.xtec.cat\/ceipmarianao\/wp-content\/uploads\/usu17\/2020\/06\/Dia-mundial-medi-ambient-2_page-0001-724x1024.jpg\" alt=\"\" width=\"241\" height=\"341\" srcset=\"https:\/\/agora.xtec.cat\/ceipmarianao\/wp-content\/uploads\/usu17\/2020\/06\/Dia-mundial-medi-ambient-2_page-0001-724x1024.jpg 724w, https:\/\/agora.xtec.cat\/ceipmarianao\/wp-content\/uploads\/usu17\/2020\/06\/Dia-mundial-medi-ambient-2_page-0001-212x300.jpg 212w, https:\/\/agora.xtec.cat\/ceipmarianao\/wp-content\/uploads\/usu17\/2020\/06\/Dia-mundial-medi-ambient-2_page-0001-768x1086.jpg 768w, https:\/\/agora.xtec.cat\/ceipmarianao\/wp-content\/uploads\/usu17\/2020\/06\/Dia-mundial-medi-ambient-2_page-0001.jpg 1241w\" sizes=\"auto, (max-width: 241px) 100vw, 241px\" \/><\/a><\/p>\n<p style=\"text-align: justify;\">Estem s\u00faper contents i contentes perqu\u00e8 heu fet moltes activitats de la gimcana del medi ambient i ens heu enviat moltes fotos i v\u00eddeos. Hem vist que sou molt creatius i creatives i heu fet uns cartells, unes manualitats, uns balls i unes can\u00e7ons xul\u00edssims!!! Junts i juntes farem que el nostre planeta sigui millor.<\/p>\n","protected":false},"excerpt":{"rendered":"<p>El 5 de juny se celebra, a nivell mundial, el dia del medi ambient. Des de l&#8217;escola ens volem sumar a aquesta celebraci\u00f3 i volem posar el nostre toc d&#8217;atenci\u00f3 a la import\u00e0ncia de cuidar el nostre entorn, on tamb\u00e9 viuen milers d&#8217;esp\u00e8cies d&#8217;animals i&hellip;  <a href=\"https:\/\/agora.xtec.cat\/ceipmarianao\/general\/dia-mundial-del-medi-ambient\/\" title=\"Read DIA MUNDIAL DEL MEDI AMBIENT\">Llegeix m\u00e9s\u00bb<\/a><\/p>\n","protected":false},"author":1,"featured_media":0,"comment_status":"closed","ping_status":"closed","sticky":false,"template":"","format":"standard","meta":{"_bbp_topic_count":0,"_bbp_reply_count":0,"_bbp_total_topic_count":0,"_bbp_total_reply_count":0,"_bbp_voice_count":0,"_bbp_anonymous_reply_count":0,"_bbp_topic_count_hidden":0,"_bbp_reply_count_hidden":0,"_bbp_forum_subforum_count":0,"footnotes":""},"categories":[1,28,4],"tags":[],"class_list":["post-3187","post","type-post","status-publish","format-standard","hentry","category-general","category-noticies-portada","category-portada"],"post_mailing_queue_ids":[],"_links":{"self":[{"href":"https:\/\/agora.xtec.cat\/ceipmarianao\/wp-json\/wp\/v2\/posts\/3187","targetHints":{"allow":["GET"]}}],"collection":[{"href":"https:\/\/agora.xtec.cat\/ceipmarianao\/wp-json\/wp\/v2\/posts"}],"about":[{"href":"https:\/\/agora.xtec.cat\/ceipmarianao\/wp-json\/wp\/v2\/types\/post"}],"author":[{"embeddable":true,"href":"https:\/\/agora.xtec.cat\/ceipmarianao\/wp-json\/wp\/v2\/users\/1"}],"replies":[{"embeddable":true,"href":"https:\/\/agora.xtec.cat\/ceipmarianao\/wp-json\/wp\/v2\/comments?post=3187"}],"version-history":[{"count":3,"href":"https:\/\/agora.xtec.cat\/ceipmarianao\/wp-json\/wp\/v2\/posts\/3187\/revisions"}],"predecessor-version":[{"id":3214,"href":"https:\/\/agora.xtec.cat\/ceipmarianao\/wp-json\/wp\/v2\/posts\/3187\/revisions\/3214"}],"wp:attachment":[{"href":"https:\/\/agora.xtec.cat\/ceipmarianao\/wp-json\/wp\/v2\/media?parent=3187"}],"wp:term":[{"taxonomy":"category","embeddable":true,"href":"https:\/\/agora.xtec.cat\/ceipmarianao\/wp-json\/wp\/v2\/categories?post=3187"},{"taxonomy":"post_tag","embeddable":true,"href":"https:\/\/agora.xtec.cat\/ceipmarianao\/wp-json\/wp\/v2\/tags?post=3187"}],"curies":[{"name":"wp","href":"https:\/\/api.w.org\/{rel}","templated":true}]}}