{"id":3182,"date":"2020-06-02T23:38:46","date_gmt":"2020-06-02T21:38:46","guid":{"rendered":"https:\/\/agora.xtec.cat\/ceipmarianao\/?p=3182"},"modified":"2020-06-02T23:41:16","modified_gmt":"2020-06-02T21:41:16","slug":"pla-de-reobertura-escola-marianao","status":"publish","type":"post","link":"https:\/\/agora.xtec.cat\/ceipmarianao\/general\/pla-de-reobertura-escola-marianao\/","title":{"rendered":"PLA DE REOBERTURA ESCOLA MARIANAO"},"content":{"rendered":"<p style=\"text-align: center;\"><a href=\"https:\/\/agora.xtec.cat\/ceipmarianao\/wp-content\/uploads\/usu17\/2020\/06\/INFOGRAFIA-ESCOLA-MARIANAO.jpg\"><img loading=\"lazy\" decoding=\"async\" class=\"aligncenter wp-image-3183\" src=\"https:\/\/agora.xtec.cat\/ceipmarianao\/wp-content\/uploads\/usu17\/2020\/06\/INFOGRAFIA-ESCOLA-MARIANAO-120x300.jpg\" alt=\"\" width=\"298\" height=\"746\" srcset=\"https:\/\/agora.xtec.cat\/ceipmarianao\/wp-content\/uploads\/usu17\/2020\/06\/INFOGRAFIA-ESCOLA-MARIANAO-120x300.jpg 120w, https:\/\/agora.xtec.cat\/ceipmarianao\/wp-content\/uploads\/usu17\/2020\/06\/INFOGRAFIA-ESCOLA-MARIANAO-768x1920.jpg 768w, https:\/\/agora.xtec.cat\/ceipmarianao\/wp-content\/uploads\/usu17\/2020\/06\/INFOGRAFIA-ESCOLA-MARIANAO.jpg 800w\" sizes=\"auto, (max-width: 298px) 100vw, 298px\" \/><\/a><\/p>\n<p style=\"text-align: justify;\">Com ja sabeu, est\u00e0 previst que quan el nostre municipi entri en fase 2, molt possiblement dilluns\u00a08 de juny, tingui lloc la reobertura\u00a0de la nostra escola.<\/p>\n<p style=\"text-align: justify;\">Aqu\u00ed us enlla\u00e7o, per si \u00e9s del vostre inter\u00e8s, el <a href=\"https:\/\/drive.google.com\/file\/d\/1wrKwhBk77u7dukSG9HFr30_SbMZxw8bx\/view?usp=sharing\">Pla de reobertura del centre<\/a>.<\/p>\n<p style=\"text-align: justify;\">A la infografia de l\u2019article (que es correspon, tamb\u00e9, amb la portada del document) podreu consultar les activitats concretes que s&#8217;oferiran des de l\u2019Escola als infants, en funci\u00f3 dels diferents nivells educatius.<\/p>\n<p style=\"text-align: justify;\">En cap cas es reanudaran les classes presencials, l\u2019activitat escolar continuar\u00e0 telem\u00e0ticament fins a l\u2019acabament del curs escolar (19 de juny).<\/p>\n","protected":false},"excerpt":{"rendered":"<p><a href=\"https:\/\/agora.xtec.cat\/ceipmarianao\/wp-content\/uploads\/usu17\/2020\/06\/INFOGRAFIA-ESCOLA-MARIANAO.jpg\"><\/a><br \/>\nCom ja sabeu, est\u00e0 previst que quan el nostre municipi entri en fase 2, molt possiblement dilluns\u00a08 de juny, tingui lloc la reobertura\u00a0de la nostra escola.<br \/>\nAqu\u00ed us enlla\u00e7o, per si \u00e9s del vostre inter\u00e8s, el <a href=\"https:\/\/drive.google.com\/file\/d\/1wrKwhBk77u7dukSG9HFr30_SbMZxw8bx\/view?usp=sharing\">Pla de reobertura del centre<\/a>.<br \/>\nA la infografia de&hellip;  <a href=\"https:\/\/agora.xtec.cat\/ceipmarianao\/general\/pla-de-reobertura-escola-marianao\/\" title=\"Read PLA DE REOBERTURA ESCOLA MARIANAO\">Llegeix m\u00e9s\u00bb<\/a><\/p>\n","protected":false},"author":3,"featured_media":0,"comment_status":"closed","ping_status":"closed","sticky":false,"template":"","format":"standard","meta":{"_bbp_topic_count":0,"_bbp_reply_count":0,"_bbp_total_topic_count":0,"_bbp_total_reply_count":0,"_bbp_voice_count":0,"_bbp_anonymous_reply_count":0,"_bbp_topic_count_hidden":0,"_bbp_reply_count_hidden":0,"_bbp_forum_subforum_count":0,"footnotes":""},"categories":[1,28,4],"tags":[],"class_list":["post-3182","post","type-post","status-publish","format-standard","hentry","category-general","category-noticies-portada","category-portada"],"post_mailing_queue_ids":[],"_links":{"self":[{"href":"https:\/\/agora.xtec.cat\/ceipmarianao\/wp-json\/wp\/v2\/posts\/3182","targetHints":{"allow":["GET"]}}],"collection":[{"href":"https:\/\/agora.xtec.cat\/ceipmarianao\/wp-json\/wp\/v2\/posts"}],"about":[{"href":"https:\/\/agora.xtec.cat\/ceipmarianao\/wp-json\/wp\/v2\/types\/post"}],"author":[{"embeddable":true,"href":"https:\/\/agora.xtec.cat\/ceipmarianao\/wp-json\/wp\/v2\/users\/3"}],"replies":[{"embeddable":true,"href":"https:\/\/agora.xtec.cat\/ceipmarianao\/wp-json\/wp\/v2\/comments?post=3182"}],"version-history":[{"count":3,"href":"https:\/\/agora.xtec.cat\/ceipmarianao\/wp-json\/wp\/v2\/posts\/3182\/revisions"}],"predecessor-version":[{"id":3186,"href":"https:\/\/agora.xtec.cat\/ceipmarianao\/wp-json\/wp\/v2\/posts\/3182\/revisions\/3186"}],"wp:attachment":[{"href":"https:\/\/agora.xtec.cat\/ceipmarianao\/wp-json\/wp\/v2\/media?parent=3182"}],"wp:term":[{"taxonomy":"category","embeddable":true,"href":"https:\/\/agora.xtec.cat\/ceipmarianao\/wp-json\/wp\/v2\/categories?post=3182"},{"taxonomy":"post_tag","embeddable":true,"href":"https:\/\/agora.xtec.cat\/ceipmarianao\/wp-json\/wp\/v2\/tags?post=3182"}],"curies":[{"name":"wp","href":"https:\/\/api.w.org\/{rel}","templated":true}]}}