{"id":3167,"date":"2020-05-29T23:42:53","date_gmt":"2020-05-29T21:42:53","guid":{"rendered":"https:\/\/agora.xtec.cat\/ceipmarianao\/?p=3167"},"modified":"2020-05-30T16:57:05","modified_gmt":"2020-05-30T14:57:05","slug":"planificacio-setmanal-del-2-al-5-de-juny","status":"publish","type":"post","link":"https:\/\/agora.xtec.cat\/ceipmarianao\/general\/planificacio-setmanal-del-2-al-5-de-juny\/","title":{"rendered":"PLANIFICACI\u00d3 SETMANAL (DEL 2 AL 5 DE JUNY)"},"content":{"rendered":"<p dir=\"auto\" style=\"text-align: justify;\">Una altra setmana que s&#8217;acaba i, com sempre, aqu\u00ed us deixem la graella amb les propostes per a la setmana vinent.<\/p>\n<p dir=\"auto\" style=\"text-align: justify;\"><span style=\"font-family: inherit; font-size: 1em;\">Ser\u00e0 una setmana una mica especial, ja que dilluns \u00e9s festa i divendres hagu\u00e9ssim celebrat el Dia Mundial del Medi Ambient. Com no volem deixar de realitzar les activitats m\u00e9s emblem\u00e0tiques de l\u2019Escola us animem que divendres feu la gimcana de medi ambient que us proposem. Segur que gaudiu i que ho feu genial!<br \/>\n<\/span><\/p>\n<p dir=\"auto\" style=\"text-align: justify;\"><span style=\"font-family: inherit; font-size: 1em;\">Bon cap de setmana llarg!!!<\/span><\/p>\n<p style=\"text-align: center;\">\u00a0 <a href=\"https:\/\/drive.google.com\/file\/d\/10vEPLg_BDiyRy7awzUH_TVvFuwLRVgjR\/view?usp=sharing\">P3<\/a>\u00a0 \u00a0 \u00a0 \u00a0 \u00a0 \u00a0 \u00a0 \u00a0 \u00a0 \u00a0 \u00a0 \u00a0 \u00a0 \u00a0 \u00a0 \u00a0<a href=\"https:\/\/drive.google.com\/file\/d\/1xzVDjHGoOsWAlQjfhMsfdJxFpdfQNinF\/view?usp=sharing\">1r<\/a>\u00a0 \u00a0 \u00a0 \u00a0 \u00a0 \u00a0 \u00a0 \u00a0 \u00a0 \u00a0 \u00a0 \u00a0 \u00a0 \u00a0 \u00a0 \u00a0<a href=\"https:\/\/drive.google.com\/file\/d\/1QGKLFxGhZB7qnGcvdkiq39anU43ZWiAJ\/view?usp=sharing\">4t<\/a><\/p>\n<p style=\"text-align: center;\">\u00a0 <a href=\"https:\/\/drive.google.com\/file\/d\/1mA0iC-9OgqB2DJowJ2B6YmUgjfs7fn_q\/view?usp=sharing\">P4<\/a>\u00a0\u00a0\u00a0\u00a0\u00a0\u00a0\u00a0\u00a0\u00a0\u00a0\u00a0\u00a0\u00a0\u00a0\u00a0\u00a0\u00a0\u00a0\u00a0\u00a0\u00a0\u00a0\u00a0\u00a0\u00a0\u00a0\u00a0\u00a0\u00a0\u00a0 <a href=\"https:\/\/drive.google.com\/file\/d\/1Ady8J-nLOMktH04VaD0kRjlTQTig4A6O\/view?usp=sharing\">2n<\/a>\u00a0 \u00a0 \u00a0 \u00a0 \u00a0 \u00a0 \u00a0 \u00a0 \u00a0 \u00a0 \u00a0 \u00a0 \u00a0 \u00a0 \u00a0<a href=\"https:\/\/drive.google.com\/file\/d\/1elOxI8clCXl7nQopPfvtycFT2_GcNTeJ\/view?usp=sharing\"> 5\u00e8<\/a><\/p>\n<p style=\"text-align: center;\">\u00a0 <a href=\"https:\/\/drive.google.com\/file\/d\/1xLGdjj_HgSDF0xQmFMuvb2MmriV4yjPP\/view?usp=sharing\">P5A<\/a> i <a href=\"https:\/\/drive.google.com\/file\/d\/19nnlOMukkhCP2dHsiqYtm7XJwYJgbgvA\/view?usp=sharing\">P5B<\/a>\u00a0 \u00a0 \u00a0 \u00a0 \u00a0 \u00a0 \u00a0 \u00a0 \u00a0 \u00a0<a href=\"https:\/\/drive.google.com\/file\/d\/1qrKmRszsCyUXipySwQC8HnTPEDXj4oN-\/view?usp=sharing\">3r<\/a>\u00a0 \u00a0 \u00a0 \u00a0 \u00a0 \u00a0 \u00a0 \u00a0 \u00a0 \u00a0 \u00a0 \u00a0 \u00a0 \u00a0 \u00a0 <a href=\"https:\/\/drive.google.com\/file\/d\/1eStaWUbXITk_0DkXfSFxEEVksYa4bE9w\/view?usp=sharing\">\u00a06\u00e8<\/a><\/p>\n","protected":false},"excerpt":{"rendered":"<p>Una altra setmana que s&#8217;acaba i, com sempre, aqu\u00ed us deixem la graella amb les propostes per a la setmana vinent.<br \/>\nSer\u00e0 una setmana una mica especial, ja que dilluns \u00e9s festa i divendres hagu\u00e9ssim celebrat el Dia Mundial del Medi Ambient. Com no volem deixar&hellip;  <a href=\"https:\/\/agora.xtec.cat\/ceipmarianao\/general\/planificacio-setmanal-del-2-al-5-de-juny\/\" title=\"Read PLANIFICACI\u00d3 SETMANAL (DEL 2 AL 5 DE JUNY)\">Llegeix m\u00e9s\u00bb<\/a><\/p>\n","protected":false},"author":3,"featured_media":0,"comment_status":"closed","ping_status":"closed","sticky":false,"template":"","format":"standard","meta":{"_bbp_topic_count":0,"_bbp_reply_count":0,"_bbp_total_topic_count":0,"_bbp_total_reply_count":0,"_bbp_voice_count":0,"_bbp_anonymous_reply_count":0,"_bbp_topic_count_hidden":0,"_bbp_reply_count_hidden":0,"_bbp_forum_subforum_count":0,"footnotes":""},"categories":[1,28,4],"tags":[],"class_list":["post-3167","post","type-post","status-publish","format-standard","hentry","category-general","category-noticies-portada","category-portada"],"post_mailing_queue_ids":[],"_links":{"self":[{"href":"https:\/\/agora.xtec.cat\/ceipmarianao\/wp-json\/wp\/v2\/posts\/3167","targetHints":{"allow":["GET"]}}],"collection":[{"href":"https:\/\/agora.xtec.cat\/ceipmarianao\/wp-json\/wp\/v2\/posts"}],"about":[{"href":"https:\/\/agora.xtec.cat\/ceipmarianao\/wp-json\/wp\/v2\/types\/post"}],"author":[{"embeddable":true,"href":"https:\/\/agora.xtec.cat\/ceipmarianao\/wp-json\/wp\/v2\/users\/3"}],"replies":[{"embeddable":true,"href":"https:\/\/agora.xtec.cat\/ceipmarianao\/wp-json\/wp\/v2\/comments?post=3167"}],"version-history":[{"count":3,"href":"https:\/\/agora.xtec.cat\/ceipmarianao\/wp-json\/wp\/v2\/posts\/3167\/revisions"}],"predecessor-version":[{"id":3177,"href":"https:\/\/agora.xtec.cat\/ceipmarianao\/wp-json\/wp\/v2\/posts\/3167\/revisions\/3177"}],"wp:attachment":[{"href":"https:\/\/agora.xtec.cat\/ceipmarianao\/wp-json\/wp\/v2\/media?parent=3167"}],"wp:term":[{"taxonomy":"category","embeddable":true,"href":"https:\/\/agora.xtec.cat\/ceipmarianao\/wp-json\/wp\/v2\/categories?post=3167"},{"taxonomy":"post_tag","embeddable":true,"href":"https:\/\/agora.xtec.cat\/ceipmarianao\/wp-json\/wp\/v2\/tags?post=3167"}],"curies":[{"name":"wp","href":"https:\/\/api.w.org\/{rel}","templated":true}]}}