{"id":3153,"date":"2020-05-29T13:10:19","date_gmt":"2020-05-29T11:10:19","guid":{"rendered":"https:\/\/agora.xtec.cat\/ceipmarianao\/?p=3153"},"modified":"2020-05-29T14:00:54","modified_gmt":"2020-05-29T12:00:54","slug":"comunicat-escola-marianao-pla-dobertura-dels-centres-educatius","status":"publish","type":"post","link":"https:\/\/agora.xtec.cat\/ceipmarianao\/general\/comunicat-escola-marianao-pla-dobertura-dels-centres-educatius\/","title":{"rendered":"COMUNICAT ESCOLA MARIANAO PLA D&#8217;OBERTURA DELS CENTRES EDUCATIUS"},"content":{"rendered":"<p style=\"text-align: center;\"><a href=\"https:\/\/agora.xtec.cat\/ceipmarianao\/wp-content\/uploads\/usu17\/2020\/05\/INFOGRAFIA-ESCOLES-SANT-BOI.jpg\"><img loading=\"lazy\" decoding=\"async\" class=\"aligncenter wp-image-3154\" src=\"https:\/\/agora.xtec.cat\/ceipmarianao\/wp-content\/uploads\/usu17\/2020\/05\/INFOGRAFIA-ESCOLES-SANT-BOI-120x300.jpg\" alt=\"\" width=\"201\" height=\"503\" srcset=\"https:\/\/agora.xtec.cat\/ceipmarianao\/wp-content\/uploads\/usu17\/2020\/05\/INFOGRAFIA-ESCOLES-SANT-BOI-120x300.jpg 120w, https:\/\/agora.xtec.cat\/ceipmarianao\/wp-content\/uploads\/usu17\/2020\/05\/INFOGRAFIA-ESCOLES-SANT-BOI-768x1920.jpg 768w, https:\/\/agora.xtec.cat\/ceipmarianao\/wp-content\/uploads\/usu17\/2020\/05\/INFOGRAFIA-ESCOLES-SANT-BOI-410x1024.jpg 410w, https:\/\/agora.xtec.cat\/ceipmarianao\/wp-content\/uploads\/usu17\/2020\/05\/INFOGRAFIA-ESCOLES-SANT-BOI.jpg 800w\" sizes=\"auto, (max-width: 201px) 100vw, 201px\" \/><\/a><\/p>\n<p style=\"text-align: justify;\">L\u2019equip docent de l\u2019Escola Marianao vol manifestar el seu desacord amb el Pla d\u2019obertura dels centres educatius, en fase 2.<\/p>\n<p style=\"text-align: justify;\">Totes les tutores i els i les especialistes estem fent un acompanyament per via telem\u00e0tica, tant a nivell de grup-classe com, quan s\u2019escau, a nivell de petit grup o individual. Per\u00f2 no ho farem a partir del 8 de juny, com marquen les instruccions, sin\u00f3 que ja ho estem fent des del comen\u00e7ament del confinament.<\/p>\n<p style=\"text-align: justify;\">Com a mestres som conscients que l\u2019escola s\u2019haur\u00e0 d\u2019adaptar a una nova normalitat, si m\u00e9s no, durant un per\u00edode de temps. Per\u00f2 entenem que aquesta no \u00e9s la millor forma de tornar a obrir el centre, pels seg\u00fcents motius:<\/p>\n<p style=\"text-align: justify;\">\u25cf Es planteja fer tot un pla d\u2019obertura per nom\u00e9s deu dies.<br \/>\n\u25cf En les instruccions que d\u00f3na el Departament d\u2019Educaci\u00f3 hauria de quedar clar que no podem garantir la seguretat dels infants i que s\u00f3n les fam\u00edlies les que es fan responsables des del moment que signen la declaraci\u00f3 responsable.<br \/>\n\u25cf No es pot realitzar ni una adaptaci\u00f3 ni una socialitzaci\u00f3 tal i com entenem aquests conceptes en l\u2019actual pr\u00e0ctica pedag\u00f2gica.<br \/>\n\u25cf No s&#8217;assegura el vincle amb la Mestra Tutora, ja que qui at\u00e9n l&#8217;infant pot ser una altra persona.<br \/>\n\u25cf Els directors i directores hem de preservar la seguretat dels i de les nostres alumnes i docents i en aquests moments no estem en disposici\u00f3 de garantir-la.<br \/>\n\u25cf No es realitzen test, no es pot garantir l\u2019abs\u00e8ncia de contagi per als asimptom\u00e0tics.<br \/>\n\u25cf Considerem que hi ha altres mecanismes per garantir la conciliaci\u00f3 de la vida familiar i laboral (permisos retribu\u00efts, reduccions de jornada\u2026). A m\u00e9s, quantes persones tenen un horari laboral que permeti una acollida de 9 a 13 hores?<br \/>\n\u25cf No entenem com l\u2019alumnat d\u2019infantil necessita acollida i els infants de prim\u00e0ria, sobretot els dels primers nivells, no.<\/p>\n<p style=\"text-align: justify;\">Per tot aix\u00f2, el claustre de l\u2019Escola Marianao, conjuntament amb la resta de claustres de les escoles p\u00fabliques de Sant Boi de Llobregat i de Santa Coloma de Cervell\u00f3, demana:<\/p>\n<p style=\"text-align: justify;\"><em>L\u2019anul\u00b7laci\u00f3 del punt 4 del Pla de Reobertura adre\u00e7at a escoles d\u2019Educaci\u00f3 Infantil i Prim\u00e0ria on diu \u201c4. Acollida en un espai espec\u00edfic per a l\u2019alumnat del segon cicle d\u2019educaci\u00f3 infantil (3-6) de fam\u00edlies els progenitors de les quals, per motius laborals i professionals, han de realitzar treball presencial sense possibilitat de flexibilitzar-lo, en grups de 8 o 10 alumnes.\u201d<\/em><\/p>\n<p style=\"text-align: justify;\">Els nostres arguments s\u00f3n:<\/p>\n<p style=\"text-align: justify;\">\u25cfEn les instruccions que d\u00f3na el Departament d\u2019Educaci\u00f3 hauria de quedar clar que no podem garantir la seguretat dels infants i que s\u00f3n les fam\u00edlies les que es fan responsables des del moment que signen la declaraci\u00f3 responsable.<br \/>\n\u25cfLes Direccions de les escoles p\u00fabliques de Sant Boi de Llobregat i Santa Coloma de Cervell\u00f3 complirem les instruccions que ens ha enviat el Departament d\u2019Educaci\u00f3, per\u00f2 volem deixar de manifest el nostre desacord i, per aquest motiu, ho comuniquem a la Comunitat Educativa.<\/p>\n<p style=\"text-align: justify;\">Pensem que, ara mateix, haur\u00edem de dedicar gran part dels nostres esfor\u00e7os a tancar telem\u00e0ticament el curs escolar i a planificar la tornada de tots els infants a l\u2019escola el proper mes de setembre.<\/p>\n","protected":false},"excerpt":{"rendered":"<p><a href=\"https:\/\/agora.xtec.cat\/ceipmarianao\/wp-content\/uploads\/usu17\/2020\/05\/INFOGRAFIA-ESCOLES-SANT-BOI.jpg\"><\/a><br \/>\nL\u2019equip docent de l\u2019Escola Marianao vol manifestar el seu desacord amb el Pla d\u2019obertura dels centres educatius, en fase 2.<br \/>\nTotes les tutores i els i les especialistes estem fent un acompanyament per via telem\u00e0tica, tant a nivell de grup-classe com, quan s\u2019escau, a nivell&hellip;  <a href=\"https:\/\/agora.xtec.cat\/ceipmarianao\/general\/comunicat-escola-marianao-pla-dobertura-dels-centres-educatius\/\" title=\"Read COMUNICAT ESCOLA MARIANAO PLA D&#8217;OBERTURA DELS CENTRES EDUCATIUS\">Llegeix m\u00e9s\u00bb<\/a><\/p>\n","protected":false},"author":3,"featured_media":0,"comment_status":"closed","ping_status":"closed","sticky":false,"template":"","format":"standard","meta":{"_bbp_topic_count":0,"_bbp_reply_count":0,"_bbp_total_topic_count":0,"_bbp_total_reply_count":0,"_bbp_voice_count":0,"_bbp_anonymous_reply_count":0,"_bbp_topic_count_hidden":0,"_bbp_reply_count_hidden":0,"_bbp_forum_subforum_count":0,"footnotes":""},"categories":[1,28,4],"tags":[],"class_list":["post-3153","post","type-post","status-publish","format-standard","hentry","category-general","category-noticies-portada","category-portada"],"post_mailing_queue_ids":[],"_links":{"self":[{"href":"https:\/\/agora.xtec.cat\/ceipmarianao\/wp-json\/wp\/v2\/posts\/3153","targetHints":{"allow":["GET"]}}],"collection":[{"href":"https:\/\/agora.xtec.cat\/ceipmarianao\/wp-json\/wp\/v2\/posts"}],"about":[{"href":"https:\/\/agora.xtec.cat\/ceipmarianao\/wp-json\/wp\/v2\/types\/post"}],"author":[{"embeddable":true,"href":"https:\/\/agora.xtec.cat\/ceipmarianao\/wp-json\/wp\/v2\/users\/3"}],"replies":[{"embeddable":true,"href":"https:\/\/agora.xtec.cat\/ceipmarianao\/wp-json\/wp\/v2\/comments?post=3153"}],"version-history":[{"count":3,"href":"https:\/\/agora.xtec.cat\/ceipmarianao\/wp-json\/wp\/v2\/posts\/3153\/revisions"}],"predecessor-version":[{"id":3161,"href":"https:\/\/agora.xtec.cat\/ceipmarianao\/wp-json\/wp\/v2\/posts\/3153\/revisions\/3161"}],"wp:attachment":[{"href":"https:\/\/agora.xtec.cat\/ceipmarianao\/wp-json\/wp\/v2\/media?parent=3153"}],"wp:term":[{"taxonomy":"category","embeddable":true,"href":"https:\/\/agora.xtec.cat\/ceipmarianao\/wp-json\/wp\/v2\/categories?post=3153"},{"taxonomy":"post_tag","embeddable":true,"href":"https:\/\/agora.xtec.cat\/ceipmarianao\/wp-json\/wp\/v2\/tags?post=3153"}],"curies":[{"name":"wp","href":"https:\/\/api.w.org\/{rel}","templated":true}]}}